{"id":23097,"date":"2019-07-30T06:22:25","date_gmt":"2019-07-30T04:22:25","guid":{"rendered":"http:\/\/192.168.10.16\/newsportal\/stadtzeitung\/index.php\/2019\/07\/30\/werner-baumann-bayer-operativ-auf-kurs\/"},"modified":"2023-02-04T13:34:11","modified_gmt":"2023-02-04T12:34:11","slug":"werner-baumann-bayer-operativ-auf-kurs","status":"publish","type":"post","link":"https:\/\/www.die-stadtzeitung.de\/index.php\/2019\/07\/30\/werner-baumann-bayer-operativ-auf-kurs\/","title":{"rendered":"Werner Baumann: &#8218;Bayer operativ auf Kurs&#8216;"},"content":{"rendered":"<div id=\"attachment_48599\" class=\"wp-caption alignnone\" style=\"max-width: 1034px;\"><img loading=\"lazy\" decoding=\"async\" class=\"size-large wp-image-48599\" src=\"\/wp-content\/uploads\/2021\/02\/Werner_Baumann_3_DE_018CD7B90EC563F5C12587720036D7FF-1024x683.jpg\" alt=\"\" width=\"1024\" height=\"683\" \/><span class=\"wp-caption-text\">Werner Baumann, Bayer-Vorstandsvorsitzender &#8211; \u00a9 Bayer AG<\/span><\/div>\n<p>Werner Baumann zieht Bilanz: \u201eW\u00e4hrend unser Crop-Science-Umsatz vor allem durch die extremen Wetterbedingungen in Nordamerika beeintr\u00e4chtigt war, erzielten wir bei Pharmaceuticals erfreuliche Zuw\u00e4chse.\u201c Positiv entwickelte sich auch die Division Consumer Health. Den Konzernausblick f\u00fcr 2019 best\u00e4tigte Baumann, dieser sei jedoch zunehmend ambitioniert.<\/p>\n<p>Der Konzernumsatz erh\u00f6hte sich im 2. Quartal w\u00e4hrungs- und portfoliobereinigt (wpb.) um 0,9 Prozent auf 11,485 Milliarden Euro. Nominal entspricht das einem deutlichen Plus von 21,1 Prozent. Das EBITDA vor Sondereinfl\u00fcssen stieg um 24,7 Prozent auf 2,927 Milliarden Euro. Im Jahresvergleich belasteten negative W\u00e4hrungseffekte, insbesondere aus Hedging, das Ergebnis mit 59 Millionen Euro.<\/p>\n<p>Das EBIT sank um 31,2 Prozent auf 926 Millionen Euro. Im EBIT sind per saldo Sonderaufwendungen von 859 (Vorjahr: 362) Millionen Euro enthalten. Diese stehen im Wesentlichen in Verbindung mit Wertminderungen im Zusammenhang mit der vereinbarten Desinvestition von Dr. Scholl\u2019s\u2122 sowie den Aufwendungen f\u00fcr die angek\u00fcndigten Restrukturierungen.<\/p>\n<p>Das Konzernergebnis ging um 49,1 Prozent auf 404 Millionen Euro zur\u00fcck. Das bereinigte Ergebnis je Aktie aus fortzuf\u00fchrendem Gesch\u00e4ft verbesserte sich hingegen um 5,9 Prozent auf 1,62 Euro. Der Free Cash Flow belief sich auf 751 Millionen Euro (minus 60,8 Prozent). Der deutliche R\u00fcckgang &#8211; so Werner Baumann &#8211; ist auf die Saisonalit\u00e4t des neu erworbenen Crop-Science-Gesch\u00e4fts zur\u00fcckzuf\u00fchren.<\/p>\n<p>Durch den Erwerbszeitpunkt im Juni 2018 waren die cashflow-belastenden Monate April und Mai im Vorjahr nicht enthalten. Die Nettofinanzverschuldung erh\u00f6hte sich zum 30. Juni im Vergleich zum 31. M\u00e4rz 2019 um 5,6 Prozent auf 38,808 Milliarden Euro, im Wesentlichen durch die Dividendenaussch\u00fcttung.<\/p>\n<p><strong>Crop Science durch extreme Wetterbedingungen beeinflusst<\/strong><\/p>\n<p>Im Agrargesch\u00e4ft (Crop Science) erzielte Bayer einen Umsatz von 4,788 Milliarden Euro. Nominal stieg der Umsatz um 59,0 Prozent, im Wesentlichen durch die \u00dcbernahme von Monsanto. Insgesamt war das Crop-Science-Gesch\u00e4ft im 2. Quartal ma\u00dfgeblich durch extreme Wetterbedingungen beeinflusst. Insbesondere wirkten sich \u00dcberschwemmungen und starke Regenf\u00e4lle im Mittleren Westen der USA sowie Trockenheit in weiten Teilen Europas und in Kanada negativ aus.<\/p>\n<p>Zudem beeintr\u00e4chtigten die anhaltenden Handelskonflikte das Gesch\u00e4ft. Der wpb. Umsatzr\u00fcckgang von 3,1 Prozent, bei dem die Entwicklung des akquirierten Gesch\u00e4fts nur f\u00fcr den Zeitraum vom 7. Juni bis zum 30. Juni ber\u00fccksichtigt wird, war im Wesentlichen durch deutlich r\u00fcckl\u00e4ufige Ums\u00e4tze in Nordamerika bedingt. Merkliche Zuw\u00e4chse in Lateinamerika konnten dies nicht ausgleichen.<\/p>\n<p>Auf Pro-forma-Basis sank der Umsatz von Crop Science w\u00e4hrungsbereinigt (wb.) um 9,9 Prozent. Dabei werden die Ums\u00e4tze so dargestellt, als w\u00e4ren die \u00dcbernahme von Monsanto und die damit zusammenh\u00e4ngenden Desinvestitionen bereits zum 1. Januar 2018 erfolgt. R\u00fcckl\u00e4ufig waren auf dieser Basis insbesondere die Gesch\u00e4fte mit Sojabohnensaatgut und Pflanzeneigenschaften, mit Herbiziden sowie mit Maissaatgut und Pflanzeneigenschaften. Positiv entwickelte sich dagegen der Umsatz mit Insektiziden.<\/p>\n<p>Das EBITDA vor Sondereinfl\u00fcssen von Crop Science erh\u00f6hte sich um 66,9 Prozent auf 1,075 Milliarden Euro. Der Anstieg ist insbesondere auf den Ergebnisbeitrag des akquirierten Gesch\u00e4fts zur\u00fcckzuf\u00fchren. Negativ wirkten sich der Umsatzr\u00fcckgang, der Wegfall des Ergebnisbeitrags der an BASF ver\u00e4u\u00dferten Gesch\u00e4fte, Wertminderungen auf Vorr\u00e4te sowie ein negativer W\u00e4hrungseffekt von 26 Millionen Euro aus.<\/p>\n<p>Im Zusammenhang mit dem Pflanzenschutzmittel Glyphosat wurden bis zum 11. Juli 2019 in den USA Klagen von etwa 18.400 Kl\u00e4gern zugestellt. Das Unternehmen ist weiterhin \u00fcberzeugt, gute Argumente zur Verteidigung gegen die erhobenen Anspr\u00fcche zu haben, und beabsichtigt, sich in all diesen Verfahren entschieden zur Wehr zu setzen. Parallel wird sich Bayer konstruktiv in den Mediationsprozess einbringen, der von einem Bundesrichter in Kalifornien angeordnet wurde.<\/p>\n<p><strong>Kr\u00e4ftiger Ergebniszuwachs bei Pharmaceuticals<\/strong><\/p>\n<p>Der Umsatz mit rezeptpflichtigen Arzneimitteln (Pharmaceuticals) erh\u00f6hte sich wpb. um 3,9 Prozent auf 4,422 Milliarden Euro. Neben der anhaltend starken Entwicklung in China verzeichnete Bayer auch ein weiterhin kr\u00e4ftiges Wachstum mit dem oralen Gerinnungshemmer Xarelto\u2122 und dem Augenmedikament Eylea\u2122.<\/p>\n<p>So legte der Xarelto\u2122-Umsatz wpb. um 12,5 Prozent zu, vor allem dank Mengenausweitungen in China und in Europa\/ Nahost\/Afrika. Die als Umsatz erfassten Lizenzeinnahmen in den USA, wo Xarelto\u2122 von einer Tochtergesellschaft von Johnson &amp; Johnson vermarktet wird, gingen zur\u00fcck. Das Eylea\u2122-Gesch\u00e4ft (wpb. plus 11,2 Prozent) konnte in allen Regionen weiter ausgebaut werden.<\/p>\n<p>Beim Krebsmedikament Stivarga\u2122 (wpb. plus 23,9 Prozent) profitierte das Unternehmen vor allem von Mengenausweitungen in China und Russland. Auch Adempas\u2122, das Medikament zur Behandlung von Lungenhochdruck, wuchs prozentual zweistellig (wpb. plus 11,0 Prozent), vorrangig in den USA und Europa.<\/p>\n<p>Weiterhin r\u00fcckl\u00e4ufig war dagegen der Umsatz des Multiple-Sklerose-Pr\u00e4parats Betaferon\u2122\/Betaseron\u2122 (wpb. minus 17,9 Prozent), im Wesentlichen bedingt durch den starken Wettbewerb in den USA. Beim Krebsmedikament Nexavar\u2122 gab der Umsatz wpb. um 9,4 Prozent nach, vor allem aufgrund des kompetitiven Marktumfelds in den USA und Japan.<\/p>\n<p>Das EBITDA vor Sondereinfl\u00fcssen von Pharmaceuticals stieg um 10,1 Prozent auf 1,500 Milliarden Euro. Dieser kr\u00e4ftige Zuwachs ist prim\u00e4r auf die erh\u00f6hte Nachfrage und niedrigere Herstellungskosten zur\u00fcckzuf\u00fchren. Zudem gingen die Aufwendungen f\u00fcr Forschung und Entwicklung gegen\u00fcber einem hohen Vorjahreswert zur\u00fcck. Zus\u00e4tzlich wirkte sich hier der vom Vorjahr abweichende Verlauf von Studienausgaben aus. Negative W\u00e4hrungseffekte belasteten das Ergebnis mit 30 Millionen Euro.<\/p>\n<p><strong>Positive Umsatz- und Ergebnisentwicklung bei Consumer Health<\/strong><\/p>\n<p>Der Umsatz mit rezeptfreien Gesundheitsprodukten (Consumer Health) stieg wpb. um 2,1 Prozent auf 1,442 Milliarden Euro. Zuw\u00e4chse erzielte die Division wpb. vor allem in der Region Lateinamerika, aber auch in Europa\/Nahost\/Afrika und in Asien\/Pazifik verlief das Gesch\u00e4ft positiv. Nur in Nordamerika ging der Umsatz wpb. leicht zur\u00fcck. Weltweit war das Gesch\u00e4ft in der Kategorie Allergie und Erk\u00e4ltung mit einem Plus von wpb. 10,8 Prozent am erfolgreichsten.<\/p>\n<p>Positiv entwickelten sich auch die Bereiche Magen-Darm-Gesundheit (wpb. plus 7,9 Prozent) und Nahrungserg\u00e4nzung (wpb. plus 4,0 Prozent). R\u00fcckl\u00e4ufig war der Umsatz dagegen bei Dermatologie (wpb. minus 4,2 Prozent) sowie bei Schmerz und Kardio (wpb. minus 3,2 Prozent).<\/p>\n<p>Das EBITDA vor Sondereinfl\u00fcssen von Consumer Health stieg um 5,5 Prozent auf 270 Millionen Euro. Einen positiven Beitrag lieferten insbesondere das Ende 2018 initiierte Effizienzprogramm, das zu einer deutlichen Verringerung der Vertriebskosten f\u00fchrte, sowie das Umsatzwachstum. Negativ wirkte sich der fehlende Ergebnisbeitrag des verkauften US-Gesch\u00e4fts mit verschreibungspflichtigen Dermatologieprodukten aus.<\/p>\n<p><strong>Animal Health leicht r\u00fcckl\u00e4ufig<\/strong><\/p>\n<p>Der Umsatz von Animal Health verringerte sich wpb. um 2,7 Prozent auf 454 Millionen Euro, insbesondere wegen erwartungsgem\u00e4\u00df deutlicher Mengenr\u00fcckg\u00e4nge in den USA nach einem starken Vorjahresquartal. Die positiven Entwicklungen in Asien\/Pazifik und Lateinamerika konnten dies nicht vollst\u00e4ndig kompensieren. Das EBITDA vor Sondereinfl\u00fcssen ging um 3,1 Prozent auf 124 Millionen Euro zur\u00fcck.<\/p>\n<p><strong>Ausblick f\u00fcr 2019 best\u00e4tigt<\/strong><\/p>\n<p>Bayer best\u00e4tigt die Prognose f\u00fcr den Konzern und die Segmente f\u00fcr das Gesch\u00e4ftsjahr 2019 \u2013 allerdings ist der Ausblick in Anbetracht des schwierigen Umfelds f\u00fcr das Crop-Science-Gesch\u00e4ft zunehmend ambitioniert. F\u00fcr 2019 erwartet Bayer einen Umsatz von etwa 46 Milliarden Euro zu konstanten Wechselkursen aus dem Jahr 2018. Dies entspricht einer wpb. Steigerung um etwa 4 Prozent.<\/p>\n<p>Das um Sondereinfl\u00fcsse bereinigte EBITDA will Bayer wb. auf rund 12,2 Milliarden Euro steigern. F\u00fcr das bereinigte Ergebnis je Aktie plant das Unternehmen einen Anstieg auf etwa 6,80 Euro \u2013 ebenfalls zu konstanten Wechselkursen aus dem Jahr 2018. Bei den Zielen nicht ber\u00fccksichtigt sind die Pl\u00e4ne zur Trennung von der Gesch\u00e4ftseinheit Animal Health, der vereinbarte Verkauf der Consumer-Health-Marken Coppertone\u2122 und Dr. Scholl\u2019s\u2122 sowie die geplante Ver\u00e4u\u00dferung des 60-prozentigen Anteils am deutschen Standortdienstleister Currenta.<\/p>\n","protected":false},"excerpt":{"rendered":"<p>Chemie-Riese Bayer ist im 2. Quartal 2019 weiter gewachsen. \u201eBayer ist operativ auf Kurs\u201c, erkl\u00e4rte der Vorstandsvorsitzende Werner Baumann bei der Vorlage des Halbjahresfinanzberichts.<\/p>\n","protected":false},"author":7,"featured_media":23095,"comment_status":"open","ping_status":"open","sticky":false,"template":"","format":"standard","meta":{"footnotes":""},"categories":[22],"tags":[],"class_list":["post-23097","post","type-post","status-publish","format-standard","hentry","category-wirtschaft"],"publishpress_future_action":{"enabled":false,"date":"2026-05-07 23:26:11","action":"change-status","newStatus":"draft","terms":[],"taxonomy":"category","extraData":[]},"publishpress_future_workflow_manual_trigger":{"enabledWorkflows":[]},"_links":{"self":[{"href":"https:\/\/www.die-stadtzeitung.de\/index.php\/wp-json\/wp\/v2\/posts\/23097","targetHints":{"allow":["GET"]}}],"collection":[{"href":"https:\/\/www.die-stadtzeitung.de\/index.php\/wp-json\/wp\/v2\/posts"}],"about":[{"href":"https:\/\/www.die-stadtzeitung.de\/index.php\/wp-json\/wp\/v2\/types\/post"}],"author":[{"embeddable":true,"href":"https:\/\/www.die-stadtzeitung.de\/index.php\/wp-json\/wp\/v2\/users\/7"}],"replies":[{"embeddable":true,"href":"https:\/\/www.die-stadtzeitung.de\/index.php\/wp-json\/wp\/v2\/comments?post=23097"}],"version-history":[{"count":3,"href":"https:\/\/www.die-stadtzeitung.de\/index.php\/wp-json\/wp\/v2\/posts\/23097\/revisions"}],"predecessor-version":[{"id":60680,"href":"https:\/\/www.die-stadtzeitung.de\/index.php\/wp-json\/wp\/v2\/posts\/23097\/revisions\/60680"}],"wp:featuredmedia":[{"embeddable":true,"href":"https:\/\/www.die-stadtzeitung.de\/index.php\/wp-json\/wp\/v2\/media\/23095"}],"wp:attachment":[{"href":"https:\/\/www.die-stadtzeitung.de\/index.php\/wp-json\/wp\/v2\/media?parent=23097"}],"wp:term":[{"taxonomy":"category","embeddable":true,"href":"https:\/\/www.die-stadtzeitung.de\/index.php\/wp-json\/wp\/v2\/categories?post=23097"},{"taxonomy":"post_tag","embeddable":true,"href":"https:\/\/www.die-stadtzeitung.de\/index.php\/wp-json\/wp\/v2\/tags?post=23097"}],"curies":[{"name":"wp","href":"https:\/\/api.w.org\/{rel}","templated":true}]}}