{"id":22320,"date":"2019-04-09T06:42:46","date_gmt":"2019-04-09T04:42:46","guid":{"rendered":"http:\/\/192.168.10.16\/newsportal\/stadtzeitung\/index.php\/2019\/04\/09\/jhv-eichner-soll-pflegefall-wsv-retten\/"},"modified":"2022-01-31T17:58:07","modified_gmt":"2022-01-31T16:58:07","slug":"jhv-eichner-soll-pflegefall-wsv-retten","status":"publish","type":"post","link":"https:\/\/www.die-stadtzeitung.de\/index.php\/2019\/04\/09\/jhv-eichner-soll-pflegefall-wsv-retten\/","title":{"rendered":"JHV: Eichner soll &#8218;Pflegefall&#8216; WSV retten"},"content":{"rendered":"<div id=\"attachment_49750\" class=\"wp-caption alignnone\" style=\"max-width: 1034px;\"><img loading=\"lazy\" decoding=\"async\" class=\"size-large wp-image-49750\" src=\"\/wp-content\/uploads\/2019\/04\/IMG_5480_a-1024x683.jpg\" alt=\"\" width=\"1024\" height=\"683\" \/><span class=\"wp-caption-text\">Alexander Eichner &#8211; \u00a9 Dirk Sengotta<\/span><\/div>\n<p>Bislang hatte Eichner den Vorstand des angeschlagenen Regionalligisten nach den R\u00fccktritten von Lothar St\u00fccker, Manuel B\u00f6lstler und zuletzt auch Maria Nitzsche nur kommissarisch geleitet. Der neue Verwaltungsrat w\u00e4hlte den erfolgreichen Unternehmensberater und seine Mitstreiterin Melanie Drees (Finanzen) am fr\u00fchen Dienstagmorgen f\u00fcr zwei Jahre in den Vorstand. Beide nahmen die Wahl an.<\/p>\n<p>Der Wuppertaler SV d\u00fcrfte einer der schwersten Sanierungsf\u00e4lle in Alexander Eichners bisheriger Karriere werden. Er hatte den WSV vor gut vier Jahren schon einmal vor dem Untergang bewahrt.<\/p>\n<p>Eichner ist ein Mann der klaren Analyse und er schonungslosen Worte:\u00a0&#8222;Die Insolvenz wird ein st\u00e4ndiger Begleiter sein&#8220;, erkl\u00e4rte er messerscharf. Ein Satz, der jedem echten WSV-Fan weh tun d\u00fcrfte.<\/p>\n<p>Laut Eichner &#8211; so das Sportmagazin &#8222;Reviersport&#8220; &#8211; dr\u00fccken den WSV Schulden von \u00fcber einer Million Euro, die bis Juni auf 1,4 Millionen Euro anwachsen k\u00f6nnten. Denn: Dem WSV fehlt trotz der erfolgreichen Crowdfunding-Aktion und der j\u00fcngsten 100.000-Euro-Spritze weiterhin Geld, um die Saison bis zum 30. Juni finanziell \u00fcber die B\u00fchne zu bringen.<\/p>\n<p>&#8222;Wir haben den Mai geregelt. Der Juni ist aber noch offen mit 100.000 bis 200.000 Euro. Ich versuche Optionen aufzuzeigen, die der Verein in der schwierigen Situation noch hat. Wir m\u00fcssen mit den Verwaltungskosten runter. Unter 100.000 Euro. Jede Position muss in Frage gestellt werden. Wenn ich sage alle, meine ich alle&#8220;, erkl\u00e4rte Alexander unmissverst\u00e4ndlich.&#8220;<\/p>\n<p>Als wenn das alles noch nicht schlimm genug w\u00e4re. Jetzt soll der WSV auch noch ein Fall f\u00fcr die Steuerfahndung geworden sein.<\/p>\n<p>Die zur\u00fcckgetretenen Vorst\u00e4nde Lothar St\u00fccker und Manuel B\u00f6lstler wurde von den Mitgliederversammlung nicht entlastet. Ebenso gro\u00dfe Teile des ehemaligen Verwaltungsrates.<\/p>\n<p>Zu sp\u00e4ter Stunde w\u00e4hlten die \u00fcber 450 WSV-Mitglieder dann doch noch einen neuen Verwaltungsrat.<\/p>\n<p>Gew\u00e4hlt wurden:\u00a0Christian Vorbau (254 Stimmen) &#8211;\u00a0Carsten Kulawik (253) &#8211;\u00a0Horst Willich (248) &#8211;\u00a0Mike Klamke (244) &#8211;\u00a0Ralf Dasberg (223) &#8211;\u00a0Norbert M\u00fcller (221) &#8211;\u00a0Carsten Sander (217) &#8211;\u00a0Harald Lucas (209) &#8211;\u00a0Christian Scheib (207) &#8211;\u00a0Gunnar Falkenberg (171) &#8211;\u00a0Felix Blaschke (164) &#8211;\u00a0Sven Lesser (159) &#8211; Dr. J\u00fcrgen Ho\u00df.<\/p>\n<p>Da Dr. J\u00fcrgen Ho\u00df (283) die Wahl nicht annahm, vermutlich weil er von der Mitgliederversammlung zuvor nicht entlastet worden war, r\u00fcckte\u00a0Dennis Jung (149 Stimmen) nach.<\/p>\n<p>Der neue Verwaltungsrat w\u00e4hlte die bislang kommissarischen Vorst\u00e4nde Alexander Eichner und Melanie Drees f\u00fcr zwei Jahre in das F\u00fchrungsgremium des WSV. Beide nahmen die Wahl an. Der Wuppertaler SV ist somit weiter handlungsf\u00e4hig.<\/p>\n<p>Au\u00dferdem beschlossen die stimmberechtigten Mitglieder mit gro\u00dfer Mehrheit eine au\u00dferordentliche Mitgliederversammlung, die am 28.05.2019 stattfindet. Hier soll u.a. dar\u00fcber abgestimmt werden, ob der Spielbetrieb der ersten Mannschaft ausgegliedert werden soll.<\/p>\n<p>Bei all den Problemen wird es fast zur Randnotiz, dass der WSV immer noch &#8211; durchaus &#8211; erfolgreich Fu\u00dfball spielt. Am Mittwoch (10.04.) trifft die Mannschaft von Interimstrainer Pascal Bieler um 19:30 Uhr im Stadion am Zoo im Halbfinale des Niederrheinpokals auf den Oberligisten 1. FC Monheim. Bei einem Sieg haben die Wuppertaler das auch finanziell recht lukrative Finale gegen den Drittligisten KFC Uerdingen erreicht.<\/p>\n<p>&nbsp;<\/p>\n","protected":false},"excerpt":{"rendered":"<p>Der WSV steht weiterhin am Abgrund! Das f\u00fchrte Alexander Eichner den 473 Mitgliedern am gestrigen Abend (08.04.) bei der Jahreshauptversammlung in der HAKO Event Arena noch einmal deutlich vor Augen.<\/p>\n","protected":false},"author":7,"featured_media":22318,"comment_status":"open","ping_status":"closed","sticky":false,"template":"","format":"standard","meta":{"footnotes":""},"categories":[20],"tags":[],"class_list":["post-22320","post","type-post","status-publish","format-standard","hentry","category-sport"],"publishpress_future_action":{"enabled":false,"date":"2026-05-06 09:10:33","action":"change-status","newStatus":"draft","terms":[],"taxonomy":"category","extraData":[]},"publishpress_future_workflow_manual_trigger":{"enabledWorkflows":[]},"_links":{"self":[{"href":"https:\/\/www.die-stadtzeitung.de\/index.php\/wp-json\/wp\/v2\/posts\/22320","targetHints":{"allow":["GET"]}}],"collection":[{"href":"https:\/\/www.die-stadtzeitung.de\/index.php\/wp-json\/wp\/v2\/posts"}],"about":[{"href":"https:\/\/www.die-stadtzeitung.de\/index.php\/wp-json\/wp\/v2\/types\/post"}],"author":[{"embeddable":true,"href":"https:\/\/www.die-stadtzeitung.de\/index.php\/wp-json\/wp\/v2\/users\/7"}],"replies":[{"embeddable":true,"href":"https:\/\/www.die-stadtzeitung.de\/index.php\/wp-json\/wp\/v2\/comments?post=22320"}],"version-history":[{"count":2,"href":"https:\/\/www.die-stadtzeitung.de\/index.php\/wp-json\/wp\/v2\/posts\/22320\/revisions"}],"predecessor-version":[{"id":49751,"href":"https:\/\/www.die-stadtzeitung.de\/index.php\/wp-json\/wp\/v2\/posts\/22320\/revisions\/49751"}],"wp:featuredmedia":[{"embeddable":true,"href":"https:\/\/www.die-stadtzeitung.de\/index.php\/wp-json\/wp\/v2\/media\/22318"}],"wp:attachment":[{"href":"https:\/\/www.die-stadtzeitung.de\/index.php\/wp-json\/wp\/v2\/media?parent=22320"}],"wp:term":[{"taxonomy":"category","embeddable":true,"href":"https:\/\/www.die-stadtzeitung.de\/index.php\/wp-json\/wp\/v2\/categories?post=22320"},{"taxonomy":"post_tag","embeddable":true,"href":"https:\/\/www.die-stadtzeitung.de\/index.php\/wp-json\/wp\/v2\/tags?post=22320"}],"curies":[{"name":"wp","href":"https:\/\/api.w.org\/{rel}","templated":true}]}}