{"id":21809,"date":"2020-02-07T19:44:06","date_gmt":"2020-02-07T18:44:06","guid":{"rendered":"http:\/\/192.168.10.16\/newsportal\/stadtzeitung\/index.php\/2019\/01\/09\/milenas-50-plus-schaut-euch-nur-die-alten-an\/"},"modified":"2022-02-01T08:27:25","modified_gmt":"2022-02-01T07:27:25","slug":"milenas-50-plus-schaut-euch-nur-die-alten-an","status":"publish","type":"post","link":"https:\/\/www.die-stadtzeitung.de\/index.php\/2020\/02\/07\/milenas-50-plus-schaut-euch-nur-die-alten-an\/","title":{"rendered":"Milenas 50 plus: Schaut Euch nur die Alten an!"},"content":{"rendered":"<div id=\"attachment_45400\" class=\"wp-caption alignnone\" style=\"max-width: 1034px;\"><img loading=\"lazy\" decoding=\"async\" class=\"size-large wp-image-45400\" src=\"\/wp-content\/uploads\/2021\/04\/IMG_2431-1024x637.jpg\" alt=\"\" width=\"1024\" height=\"637\" \/><span class=\"wp-caption-text\">Die engagierte TV-Journalistin Milena Preradovic &#8211; \u00a9 Heli Mayr<\/span><\/div>\n<p>Milena Preradovic (56) ist der Prototyp einer Powerfrau. \u00dcber Jahre war die wortgewandte und schlagfertige Gelsenkirchenerin eines der bekanntesten Fernsehgesichter Deutschlands. Unter anderem war sie das Aush\u00e4ngeschild der bunten, informativen Show \u201ePunkt 12\u201c (RTL) und revolutionierte mit ihrer lockeren Art die bis dahin beschaulichen, angestaubten Mittagsmagazine im deutschen Fernsehen.<\/p>\n<p>In ihrer Kolumne \u201eMilenas 50 plus\u201c setzt sie sich humorvoll mit dem Thema \u00c4lterwerden auseinander. So manch einer wird sich in Milena Geschichten und Beobachtungen wiederfinden.<\/p>\n<p>Hier ihre Januar-Kolumne:<\/p>\n<p><strong>Schaut euch nur die Alten an!<\/strong><\/p>\n<p>Wer h\u00e4tte sich vor 20 Jahren ein Format wie \u201eThe Voice Senior\u201c vorstellen k\u00f6nnen? Und das auf einem Privatsender? Eine Show zur besten Sendezeit, in der sich statt leckerer Teenager fidele Oldtimer die Falten aus dem Hals singen?<\/p>\n<p>Und das zur Begeisterung auch des jungen Publikums?<\/p>\n<p>Keine Chance \u2013 damals tanzten die TV-Macher um das goldene K\u00e4lbchen Jugend. 14 bis h\u00f6chstens 49 Jahre sollten die Konsumenten z\u00e4hlen \u2026der Rest war Beifang und \u00e4ltere Semester durften h\u00f6chstens bei Stefan Raab \u00fcberm Maschendrahtzaun h\u00e4ngen.<\/p>\n<p>Seitdem hat sich viel getan. Die Kunde vom demografischen Wandel hat auch die Ohren der Fernseh-Mogule erreicht \u2013 die Alten sind inzwischen zu zahlreich zum ignoranten Ignorieren. Aber nicht nur das. Seniors leben dank bester medizinischer Versorgung nicht nur l\u00e4nger, sondern auch besser. Der Spa\u00df kennt keine Altersschranke mehr. Heute haben Best Ager auch mit 80 noch Tr\u00e4ume. Und genau das hat \u201eThe Voice Senior\u201c bewiesen.<\/p>\n<p>Was steckt nicht alles im Heer der ehemals Unsichtbaren. Fantastische Stimmen, unendliche Hingabe und herzergreifenden Geschichten aus gelebten Leben. Die Casting-Show hat eine neue Gef\u00fchlsebene erreicht, dank runzeliger Powerpakete mit mehr Saft in den Beinen und Schmelz in der Stimme als die gesamte Generation Praktikum. Und diese wunderbare Gelassenheit, wenn es nix mehr zu verlieren, sondern nur noch zu gewinnen gibt.<\/p>\n<p>Ich glaube, \u201eThe Voice Senior\u201c hat mehr f\u00fcr die Alten getan, als alle Seniorenkreisel westlich des Sauerlands. Genau wie \u201eShopping Queen\u201c. Auch da triumphiert nicht selten die Nachkriegsgeneration \u00fcber perfekte junge K\u00f6rper, schl\u00e4gt Erfahrung jugendlichen \u00dcberschwang.<\/p>\n<p>Und sorry Teenies \u2013 gute Alte sind nun mal spannender als die besten Jungen. Einfach weil sie so viel mehr zu erz\u00e4hlen haben. Und sich nicht mehr scheren um Cellulite und h\u00e4ngende Br\u00fcste. Ist halt so, nicht zu \u00e4ndern \u2013 am besten gleich selber &#8217;nen Witz dr\u00fcber rei\u00dfen. Humor ist das Dekollet\u00e9 der Reife.<\/p>\n<p>Das funktioniert auch im Kino. Ob die \u201eExpendables\u201c mit Sylvestern Stallone, Arnie Schwarzenegger und anderen 80er-Gr\u00f6\u00dfen oder \u201eR.E.D \u2013 \u00e4lter, h\u00e4rter, besser\u201c mit Bruce Willis, Helen Mirren und Morgan Freeman \u2013 die ironische Alters-Action geht ab wie Papst Franziskus bei der Kardinalsschelte.<\/p>\n<p>Und selbst im Medium der Kiddies hauen die Alten auf die Kacke. Auf Instagram tummeln sich witzige Senioren wie baddiewinkle vor Millionen Followern. Und die Marmeladenoma liest Tausenden auf Youtube M\u00e4rchen vor. Karriere mit 80 plus \u2013 ein Hoffnungsschimmer f\u00fcr die eigene Zukunft. Denn das hab ich inzwischen gelernt. Zukunft haben wir alle, solange noch Leben in uns tobt. Wir m\u00fcssen nur noch zugreifen!<\/p>\n<p><strong>Ihre Milena Preradovic<\/strong><\/p>\n","protected":false},"excerpt":{"rendered":"<p>Milena Preradovic hat u.a. als Moderatorin des RTL-Mittagsmagazins &#8222;Punkt 12&#8220; TV-Geschichte geschrieben. Seit dem Fr\u00fchjahr 2018 schreibt sie Geschichten &#8211; in ihrer beliebten und viel gelesenen STADTZEITUNGS-Kolumne &#8222;Milenas 50 plus&#8220;.<\/p>\n","protected":false},"author":7,"featured_media":21807,"comment_status":"open","ping_status":"closed","sticky":false,"template":"","format":"standard","meta":{"footnotes":""},"categories":[25],"tags":[6057,6056,5170,3528,3205],"class_list":["post-21809","post","type-post","status-publish","format-standard","hentry","category-lifestyle","tag-7-koepfe","tag-7-tage","tag-milena-preradovic","tag-punkt-12","tag-rtl"],"publishpress_future_action":{"enabled":false,"date":"2026-05-06 06:24:55","action":"change-status","newStatus":"draft","terms":[],"taxonomy":"category","extraData":[]},"publishpress_future_workflow_manual_trigger":{"enabledWorkflows":[]},"_links":{"self":[{"href":"https:\/\/www.die-stadtzeitung.de\/index.php\/wp-json\/wp\/v2\/posts\/21809","targetHints":{"allow":["GET"]}}],"collection":[{"href":"https:\/\/www.die-stadtzeitung.de\/index.php\/wp-json\/wp\/v2\/posts"}],"about":[{"href":"https:\/\/www.die-stadtzeitung.de\/index.php\/wp-json\/wp\/v2\/types\/post"}],"author":[{"embeddable":true,"href":"https:\/\/www.die-stadtzeitung.de\/index.php\/wp-json\/wp\/v2\/users\/7"}],"replies":[{"embeddable":true,"href":"https:\/\/www.die-stadtzeitung.de\/index.php\/wp-json\/wp\/v2\/comments?post=21809"}],"version-history":[{"count":4,"href":"https:\/\/www.die-stadtzeitung.de\/index.php\/wp-json\/wp\/v2\/posts\/21809\/revisions"}],"predecessor-version":[{"id":49808,"href":"https:\/\/www.die-stadtzeitung.de\/index.php\/wp-json\/wp\/v2\/posts\/21809\/revisions\/49808"}],"wp:featuredmedia":[{"embeddable":true,"href":"https:\/\/www.die-stadtzeitung.de\/index.php\/wp-json\/wp\/v2\/media\/21807"}],"wp:attachment":[{"href":"https:\/\/www.die-stadtzeitung.de\/index.php\/wp-json\/wp\/v2\/media?parent=21809"}],"wp:term":[{"taxonomy":"category","embeddable":true,"href":"https:\/\/www.die-stadtzeitung.de\/index.php\/wp-json\/wp\/v2\/categories?post=21809"},{"taxonomy":"post_tag","embeddable":true,"href":"https:\/\/www.die-stadtzeitung.de\/index.php\/wp-json\/wp\/v2\/tags?post=21809"}],"curies":[{"name":"wp","href":"https:\/\/api.w.org\/{rel}","templated":true}]}}