{"id":21744,"date":"2019-12-09T09:40:07","date_gmt":"2019-12-09T08:40:07","guid":{"rendered":"http:\/\/192.168.10.16\/newsportal\/stadtzeitung\/index.php\/2018\/12\/21\/lore-duwe-suesser-die-glocken-nie-klingen\/"},"modified":"2023-04-11T14:37:52","modified_gmt":"2023-04-11T12:37:52","slug":"lore-duwe-suesser-die-glocken-nie-klingen","status":"publish","type":"post","link":"https:\/\/www.die-stadtzeitung.de\/index.php\/2019\/12\/09\/lore-duwe-suesser-die-glocken-nie-klingen\/","title":{"rendered":"Lore Duwe: S\u00fc\u00dfer die Glocken nie klingen&#8230;"},"content":{"rendered":"<div id=\"attachment_59302\" class=\"wp-caption alignnone\" style=\"max-width: 1034px;\"><img loading=\"lazy\" decoding=\"async\" class=\"size-large wp-image-59302\" src=\"\/wp-content\/uploads\/2022\/12\/IMGP1441-2-1024x694.jpg\" alt=\"\" width=\"1024\" height=\"694\" \/><span class=\"wp-caption-text\">&#8222;Weihnachtsfrau&#8220; Lore Duwe schm\u00fcckt den Tannenbaum &#8211; \u00a9 Alexander de Groot<\/span><\/div>\n<p>&#8222;S\u00fc\u00dfer die Glocken nie klingen, als zu der Weihnachtszeit&#8220;, heisst es in einem bekannten Weihnachtslied. Wen wundert es da, dass alles andere auch &#8222;s\u00fc\u00df&#8220; ist?<\/p>\n<p>Zu keiner Jahreszeit wird in den Privathaushalten mehr gebacken: Kuchen, Torten, Pl\u00e4tzchen. Rezepte werden ausgetauscht. Omas Spritzgeb\u00e4ck verschwindet schon Ende November in der alten Blechdose, damit es frisch und knackig bleibt.<\/p>\n<p>Schlie\u00dflich soll es auch unter dem Weihnachtsbaum noch gut schmecken.Tante Helene redet wie jedes Jahr von der guten, alten Buttercreme-Torte, die besonders in den Nachkriegsjahren am 1.Weihnachstag ein s\u00fcsser Klassiker waren.<\/p>\n<p>Kalorien waren\u00a0damals noch ein Fremdwort. Es galt schliesslich, dem Hunger endg\u00fcltig den Garaus zu machen und sich verlorene Pfunde wieder anzufuttern. An &#8222;vegane Ern\u00e4hrung&#8220; hat in der Zeit noch niemand gedacht.<\/p>\n<p>Jedoch in j\u00fcngster Zeit kommt man dem Vegan-Gedanken immer n\u00e4her. Frauen wollen &#8222;Heidi Klump&#8220; nacheifern oder schlank wie &#8222;Helene Fischer&#8220; durch Arenen schweben.<\/p>\n<p>Einfach ist das nicht. Da gilt es,\u00a0eine Menge Disziplin einzuhalten. Wie w\u00e4re es, zum Apfel statt zur Schokolade zu greifen? Wie w\u00e4re es, mit Gymnastik fr\u00fchmorgens am offenen Fenster in den Tag zu starten?<\/p>\n<p>Wie w\u00e4re es, vom &#8222;Warmduscher&#8220; zum\u00a0Kaltduscher zu werden? Wie w\u00e4re es, beim Jogging die nahegelegenen W\u00e4lder zu erkunden? Welche Gro\u00dfstadt bietet dazu schon so viele M\u00f6glichkeiten?<\/p>\n<p>Mit dem Fahrrad, statt mit dem Auto zur Arbeit zu fahren, da\u00df w\u00e4re der Hit. Einmal k\u00e4me es dem eigenen K\u00f6rper zugute, ausserdem w\u00fcrde man damit die Umwelt schonen.<\/p>\n<p>Und wenn wir schon einmal bei den guten Vors\u00e4tzen f\u00fcr das n\u00e4chste Jahr sind:\u00a0Wie w\u00e4re es, endlich einmal mit dem Rauchen aufzuh\u00f6ren? Lungen- und\u00a0Bronchiensch\u00e4den w\u00e4ren wie weggeblasen.<\/p>\n<p>&#8222;Mein Feund, der Baum&#8220;, ein Lied, das jeder kennt, w\u00fcrde sich freuen, wenn er\u00a0im Wald umarmt w\u00fcrde. Man sagt, reden k\u00f6nne man mit ihm, sogar W\u00fcnsche w\u00fcrden von ihm erf\u00fcllt.<\/p>\n<p>Sagen wir es ihm: &#8222;Ich m\u00f6chte nicht mehr rauchen, ich m\u00f6chte kalt duschen, ich m\u00f6chte Fahrrad fahren und die Umwelt schonen. Ich m\u00f6chte schwimmen gehen, ich m\u00f6chte Gymnastik treiben&#8230;&#8220;<\/p>\n<p>Aber bevor ich all die guten Vors\u00e4tze in die Tat umsetze, m\u00f6chte ich mir zu Weihnachten doch noch ein k\u00f6stliches St\u00fcck Buttercreme-Torte genehmigen. Sie vielleicht auch. Es sei Ihnen geg\u00f6nnt.<\/p>\n<p>Ja dann: Guten Appetit, ein frohes Weihnachtsfest und alles Gute im neuen Jahr!<\/p>\n<p><strong>Euer L\u00f6rken &#8211; Ihre Lore Duwe<\/strong><\/p>\n","protected":false},"excerpt":{"rendered":"<p>In ihrer Kolumne\u00a0&#8222;Mal unter uns&#8230;&#8220; besch\u00e4ftigt sich Lore Duwe mit dem Weihnachtsfest und den guten Vors\u00e4tzen f\u00fcr das neue Jahr:\u00a0&#8222;S\u00fc\u00dfer die Glocken nie klingen&#8230;&#8220;<\/p>\n","protected":false},"author":7,"featured_media":21742,"comment_status":"open","ping_status":"open","sticky":false,"template":"","format":"standard","meta":{"footnotes":""},"categories":[24],"tags":[128,2556],"class_list":["post-21744","post","type-post","status-publish","format-standard","hentry","category-wuppertal","tag-lore-duwe","tag-mal-unter-uns"],"publishpress_future_action":{"enabled":false,"date":"2026-05-05 16:43:53","action":"change-status","newStatus":"draft","terms":[],"taxonomy":"category","extraData":[]},"publishpress_future_workflow_manual_trigger":{"enabledWorkflows":[]},"_links":{"self":[{"href":"https:\/\/www.die-stadtzeitung.de\/index.php\/wp-json\/wp\/v2\/posts\/21744","targetHints":{"allow":["GET"]}}],"collection":[{"href":"https:\/\/www.die-stadtzeitung.de\/index.php\/wp-json\/wp\/v2\/posts"}],"about":[{"href":"https:\/\/www.die-stadtzeitung.de\/index.php\/wp-json\/wp\/v2\/types\/post"}],"author":[{"embeddable":true,"href":"https:\/\/www.die-stadtzeitung.de\/index.php\/wp-json\/wp\/v2\/users\/7"}],"replies":[{"embeddable":true,"href":"https:\/\/www.die-stadtzeitung.de\/index.php\/wp-json\/wp\/v2\/comments?post=21744"}],"version-history":[{"count":4,"href":"https:\/\/www.die-stadtzeitung.de\/index.php\/wp-json\/wp\/v2\/posts\/21744\/revisions"}],"predecessor-version":[{"id":64320,"href":"https:\/\/www.die-stadtzeitung.de\/index.php\/wp-json\/wp\/v2\/posts\/21744\/revisions\/64320"}],"wp:featuredmedia":[{"embeddable":true,"href":"https:\/\/www.die-stadtzeitung.de\/index.php\/wp-json\/wp\/v2\/media\/21742"}],"wp:attachment":[{"href":"https:\/\/www.die-stadtzeitung.de\/index.php\/wp-json\/wp\/v2\/media?parent=21744"}],"wp:term":[{"taxonomy":"category","embeddable":true,"href":"https:\/\/www.die-stadtzeitung.de\/index.php\/wp-json\/wp\/v2\/categories?post=21744"},{"taxonomy":"post_tag","embeddable":true,"href":"https:\/\/www.die-stadtzeitung.de\/index.php\/wp-json\/wp\/v2\/tags?post=21744"}],"curies":[{"name":"wp","href":"https:\/\/api.w.org\/{rel}","templated":true}]}}