{"id":21733,"date":"2018-12-21T07:45:42","date_gmt":"2018-12-21T06:45:42","guid":{"rendered":"http:\/\/192.168.10.16\/newsportal\/stadtzeitung\/index.php\/2018\/12\/21\/ob-mucke-grusswort-zum-jahreswechsel\/"},"modified":"2022-01-29T20:46:16","modified_gmt":"2022-01-29T19:46:16","slug":"ob-mucke-grusswort-zum-jahreswechsel","status":"publish","type":"post","link":"https:\/\/www.die-stadtzeitung.de\/index.php\/2018\/12\/21\/ob-mucke-grusswort-zum-jahreswechsel\/","title":{"rendered":"OB Mucke: Grusswort zum Jahreswechsel"},"content":{"rendered":"<div id=\"attachment_45306\" class=\"wp-caption alignnone\" style=\"max-width: 873px;\"><img loading=\"lazy\" decoding=\"async\" class=\"size-full wp-image-45306\" src=\"\/wp-content\/uploads\/2015\/10\/d4514f91acb7629914e8612c1d2056db-2.jpeg\" alt=\"\" width=\"863\" height=\"608\" \/><span class=\"wp-caption-text\">OB Andreas Mucke fordert Klarheit &#8211; \u00a9 Stadt Wuppertal<\/span><\/div>\n<p>Liebe Wuppertalerinnen und Wuppertaler,\u00a0auch wenn das Jahr 2018 einige Herausforderungen im Gep\u00e4ck hatte, so war und ist der Aufschwung in unserer Stadt deutlich zu sp\u00fcren. Es wird investiert, wieder gebaut und neue Arbeitspl\u00e4tze wurden geschaffen. Als Oberb\u00fcrgermeister werde ich alles daran setzen, diesen Trend nach Oben weiter zu f\u00f6rdern. Ma\u00dfnahmen, die sich positiv auf unsere Stadt auswirken, werde ich auch weiterhin tatkr\u00e4ftig unterst\u00fctzen.<\/p>\n<p>Der Blick zur\u00fcck zeigt, dass das nicht immer leicht war: Der starke Regen im Mai hat uns arg mitgespielt, aber wir haben uns nicht unterkriegen lassen. Auch der Stillstand der Schwebebahn ist nicht leicht zu verkraften, aber auch das werden wir schaffen.\u2028Die Dieselkriese wurde 2018 zu einem beherrschenden Thema. Als Oberb\u00fcrgermeister werde ich mich auch weiterhin daf\u00fcr einsetzen, Fahrverbote zu verhindern. Diese sorgen lediglich zu einer Verlagerung der Probleme auf andere Stra\u00dfen. Ich fordere weiterhin ein grunds\u00e4tzliches Umdenken bei der Mobilit\u00e4t und au\u00dferdem endlich die verantwortliche Autoindustrie in die Pflicht zu nehmen.<\/p>\n<p>Wuppertal ist eine wachsende Stadt und entwickelt sich gut. Als Oberb\u00fcrgermeister sehe ich es als meine Aufgabe an, dass alle Wuppertalerinnen und Wuppertaler an diesem Aufschwung teilhaben. Der Schl\u00fcssel dazu liegt f\u00fcr mich in der Bildung. Rund 70 Millionen Euro haben wir alleine in 2018 in unsere Schulen investiert. Dazu kommen weitere Investitionen in unsere Kinderg\u00e4rten und Tageseinrichtungen. 2019 werden weitere Einrichtungen dazu kommen. Das ist sehr gut investiertes Geld!<\/p>\n<p>Eine weitere wichtige Aufgabe ist die F\u00f6rderung der Wirtschaft und damit die Sicherung und Schaffung von Arbeitspl\u00e4tzen, denn eine ausk\u00f6mmlich bezahlte Arbeit erm\u00f6glicht den Menschen einen guten Lebensstandard und die Chance auf Teilhabe am gesellschaftlichen Leben. Gleichzeitig bedeutet das Schutz vor Armut!<\/p>\n<p>Das Wuppertal eine Stadt mit einer guten Zukunft ist, konnten wir 2018 erneut bekr\u00e4ftigen. Ich freue mich, dass der Stadtrat das Pina Bausch Zentrum beschlossen hat und ich danke Land und Bund f\u00fcr die Unterst\u00fctzung. Auch der gefasste Grundsatzbeschluss f\u00fcr eine Bundesgartenschau 2031 in Wuppertal freut mich sehr! All diese Projekte k\u00f6nnen wir nur zusammen verwirklichen und ben\u00f6tigen die Unterst\u00fctzung der Wuppertalerinnen und Wuppertaler! Ganz besonders wird Wuppertal getragen von den vielen Ehrenamtlichen. Deshalb bedanke ich mich bei allen, die sich ehrenamtlich in Wuppertal engagieren!<\/p>\n<p>Alle Wuppertalerinnen und Wuppertaler sind schon heute eingeladen, sich auch im kommenden Jahr in die Weiterentwicklung unserer Stadt einzubringen. Besonders freue ich mich auf den gemeinsamen langen Tisch zum Stadtgeburtstag am 29. Juni.<\/p>\n<p>Ich w\u00fcnsche Ihnen und Ihren Familien frohe Weihnachten und ein gesundes, friedliches und gl\u00fcckliches 2019!<\/p>\n<p>Mit herzlichen Gr\u00fc\u00dfen<\/p>\n<p><strong>Ihr\u2028 Andreas Mucke<\/strong><\/p>\n","protected":false},"excerpt":{"rendered":"<p>Wuppertals Oberb\u00fcrgermeister Andreas Mucke richtet sich mit einem Grusswort zum Jahreswechsel an alle Talb\u00fcrger.<\/p>\n","protected":false},"author":7,"featured_media":21731,"comment_status":"open","ping_status":"closed","sticky":false,"template":"","format":"standard","meta":{"footnotes":""},"categories":[26],"tags":[203,201],"class_list":["post-21733","post","type-post","status-publish","format-standard","hentry","category-politik","tag-andreas-mucke","tag-oberbuergermeister"],"publishpress_future_action":{"enabled":false,"date":"2026-05-04 09:13:51","action":"change-status","newStatus":"draft","terms":[],"taxonomy":"category","extraData":[]},"publishpress_future_workflow_manual_trigger":{"enabledWorkflows":[]},"_links":{"self":[{"href":"https:\/\/www.die-stadtzeitung.de\/index.php\/wp-json\/wp\/v2\/posts\/21733","targetHints":{"allow":["GET"]}}],"collection":[{"href":"https:\/\/www.die-stadtzeitung.de\/index.php\/wp-json\/wp\/v2\/posts"}],"about":[{"href":"https:\/\/www.die-stadtzeitung.de\/index.php\/wp-json\/wp\/v2\/types\/post"}],"author":[{"embeddable":true,"href":"https:\/\/www.die-stadtzeitung.de\/index.php\/wp-json\/wp\/v2\/users\/7"}],"replies":[{"embeddable":true,"href":"https:\/\/www.die-stadtzeitung.de\/index.php\/wp-json\/wp\/v2\/comments?post=21733"}],"version-history":[{"count":3,"href":"https:\/\/www.die-stadtzeitung.de\/index.php\/wp-json\/wp\/v2\/posts\/21733\/revisions"}],"predecessor-version":[{"id":48499,"href":"https:\/\/www.die-stadtzeitung.de\/index.php\/wp-json\/wp\/v2\/posts\/21733\/revisions\/48499"}],"wp:featuredmedia":[{"embeddable":true,"href":"https:\/\/www.die-stadtzeitung.de\/index.php\/wp-json\/wp\/v2\/media\/21731"}],"wp:attachment":[{"href":"https:\/\/www.die-stadtzeitung.de\/index.php\/wp-json\/wp\/v2\/media?parent=21733"}],"wp:term":[{"taxonomy":"category","embeddable":true,"href":"https:\/\/www.die-stadtzeitung.de\/index.php\/wp-json\/wp\/v2\/categories?post=21733"},{"taxonomy":"post_tag","embeddable":true,"href":"https:\/\/www.die-stadtzeitung.de\/index.php\/wp-json\/wp\/v2\/tags?post=21733"}],"curies":[{"name":"wp","href":"https:\/\/api.w.org\/{rel}","templated":true}]}}