{"id":21626,"date":"2018-12-08T12:55:42","date_gmt":"2018-12-08T11:55:42","guid":{"rendered":"http:\/\/192.168.10.16\/newsportal\/stadtzeitung\/index.php\/2018\/12\/08\/dorma-vita-gesunder-schlaf\/"},"modified":"2018-12-08T12:55:42","modified_gmt":"2018-12-08T11:55:42","slug":"dorma-vita-gesunder-schlaf","status":"publish","type":"post","link":"https:\/\/www.die-stadtzeitung.de\/index.php\/2018\/12\/08\/dorma-vita-gesunder-schlaf\/","title":{"rendered":"Dorma Vita &#8211; alles f\u00fcr den gesunden Schlaf"},"content":{"rendered":"<p><img loading=\"lazy\" decoding=\"async\" class=\" size-full wp-image-21625\" src=\"https:\/\/www.die-stadtzeitung.de\/wp-content\/uploads\/2018\/12\/56072a4642bd5af50a67a31a50550b86.jpg\" alt=\"\" width=\"773\" height=\"511\" \/><\/p>\n<p>Der Schlafexperte Dorma Vita zeichnet sich nicht nur durch seine breite Produktpalette, sondern auch durch ausf\u00fchrliche Beratung aus.<\/p>\n<p>  <!--more-->  <\/p>\n<p>Wussten Sie, dass Hausbesuche vom Fachpersonal mit zum Serviceangebot geh\u00f6ren? Dadurch ergeben sich viele praktische M\u00f6glichkeiten, von denen alle Kunden und besonders die weniger mobilen profitieren k\u00f6nnen. Nach Termin kann bei Ihnen vor Ort zuhause z.B. eine Ausmessung vorgenommen werden, um ganz sicher zu gehen, dass Sie das f\u00fcr Sie perfekte Bettgestell aussuchen. Auch bei der Gestaltung des Bettes in punkto Muster, Stoff und Farbe werden Sie gerne beraten. Es wird empfohlen, dass Sie f\u00fcr ein Probeliegen zus\u00e4tzlich in die Dorma Vita Filiale Ihres Vertrauens kommen, damit Sie die Matratze finden, die Ihnen gesunden Schlaf garantiert. In Elberfeld erwarten Sie im Ausstellungsteil des Hauses knapp 60 verschiedene Matratzen, die allesamt aus der eigenen regionalen Herstellung stammen. F\u00fcr Ihre Bed\u00fcrfnisse k\u00f6nnen Sie zwischen zahlreichen Federkern- und Kaltschaummodellen ausw\u00e4hlen und auch bei den Gestellen ist alles von Boxspring \u00fcber Massivholz bis Metallverarbeitung m\u00f6glich. Das Familienunternehmen Dorma Vita hat sich bereits in der vierten Generation ganz Ihrem Schlaf und Wohlbefinden verschrieben &#8211; langj\u00e4hrige Erfahrung, die in der Beratung den Unterschied macht!<\/p>\n<p>Dorma Vita B.&amp;F. N\u00e4semann oHG, Hofkamp 1-3 (Ecke Gathe, \u00fcber McDonalds), 42103 Wuppertal, Tel.: 0202\/4469044, <a href=\"http:\/\/www.dormavita.de\">www.dormavita.de<\/a><\/p>\n<p>\u00d6ffnungszeiten: Mo-Fr: 10:00-19:00<\/p>\n","protected":false},"excerpt":{"rendered":"<p>Der Schlafexperte Dorma Vita zeichnet sich nicht nur durch seine breite Produktpalette, sondern auch durch ausf\u00fchrliche Beratung aus.<\/p>\n","protected":false},"author":24,"featured_media":21625,"comment_status":"open","ping_status":"closed","sticky":false,"template":"","format":"standard","meta":{"footnotes":""},"categories":[33],"tags":[],"class_list":["post-21626","post","type-post","status-publish","format-standard","hentry","category-pr-artikel"],"publishpress_future_action":{"enabled":false,"date":"2026-05-08 20:56:48","action":"change-status","newStatus":"draft","terms":[],"taxonomy":"category","extraData":[]},"publishpress_future_workflow_manual_trigger":{"enabledWorkflows":[]},"_links":{"self":[{"href":"https:\/\/www.die-stadtzeitung.de\/index.php\/wp-json\/wp\/v2\/posts\/21626","targetHints":{"allow":["GET"]}}],"collection":[{"href":"https:\/\/www.die-stadtzeitung.de\/index.php\/wp-json\/wp\/v2\/posts"}],"about":[{"href":"https:\/\/www.die-stadtzeitung.de\/index.php\/wp-json\/wp\/v2\/types\/post"}],"author":[{"embeddable":true,"href":"https:\/\/www.die-stadtzeitung.de\/index.php\/wp-json\/wp\/v2\/users\/24"}],"replies":[{"embeddable":true,"href":"https:\/\/www.die-stadtzeitung.de\/index.php\/wp-json\/wp\/v2\/comments?post=21626"}],"version-history":[{"count":0,"href":"https:\/\/www.die-stadtzeitung.de\/index.php\/wp-json\/wp\/v2\/posts\/21626\/revisions"}],"wp:featuredmedia":[{"embeddable":true,"href":"https:\/\/www.die-stadtzeitung.de\/index.php\/wp-json\/wp\/v2\/media\/21625"}],"wp:attachment":[{"href":"https:\/\/www.die-stadtzeitung.de\/index.php\/wp-json\/wp\/v2\/media?parent=21626"}],"wp:term":[{"taxonomy":"category","embeddable":true,"href":"https:\/\/www.die-stadtzeitung.de\/index.php\/wp-json\/wp\/v2\/categories?post=21626"},{"taxonomy":"post_tag","embeddable":true,"href":"https:\/\/www.die-stadtzeitung.de\/index.php\/wp-json\/wp\/v2\/tags?post=21626"}],"curies":[{"name":"wp","href":"https:\/\/api.w.org\/{rel}","templated":true}]}}