{"id":21441,"date":"2018-11-10T12:20:19","date_gmt":"2018-11-10T11:20:19","guid":{"rendered":"http:\/\/192.168.10.16\/newsportal\/stadtzeitung\/index.php\/2018\/11\/10\/weihnachtsball-schaefer\/"},"modified":"2018-11-10T12:20:19","modified_gmt":"2018-11-10T11:20:19","slug":"weihnachtsball-schaefer","status":"publish","type":"post","link":"https:\/\/www.die-stadtzeitung.de\/index.php\/2018\/11\/10\/weihnachtsball-schaefer\/","title":{"rendered":"Weihnachten mit viel Musik und Tanz"},"content":{"rendered":"<p><img loading=\"lazy\" decoding=\"async\" class=\" size-full wp-image-21440\" src=\"https:\/\/www.die-stadtzeitung.de\/wp-content\/uploads\/2018\/11\/e58230fbdd828d31727abdc73368391a.jpg\" alt=\"\" width=\"768\" height=\"512\" \/><\/p>\n<p>Um das Jahresende geb\u00fchrend zu feiern laden die Tanzschulen Sch\u00e4fer und Sch\u00e4fer-Koch Sie herzlich zum Weihnachtsball 2018 ein.<\/p>\n<p>  <!--more-->  <\/p>\n<p>In der historischen Stadthalle erwartet Sie ein buntes und prall gef\u00fclltes Programm: Tanzen Sie zu der beschwingenden Begleitung der \u201eFeedback Dancing Band\u201c und lassen Sie sich im Showteil des Abends von Tanzsch\u00fclern und Formationen verbl\u00fcffen, wenn sie Ihnen ihr K\u00f6nnen demonstrieren. Au\u00dferdem erwarten Sie eine Kindershow, ein HipHop-Special und noch vieles mehr! Der Kartenvorverkauf beginnt am 15.11. in beiden Tanzschulen &#8211; bitte beachten Sie den Dresscode! Getanzt wird auch abseits des Weihnachtsballs und zwar in den neuen Kursen der Sch\u00e4fers die ab November und Januar starten. Ob Disco Fox oder Gesellschaftstanzkurse, Zumba, Hip Hop, Dance4Fans\\Videoclip, Tanzen f\u00fcr die Generation 60+ oder Kindertanzen: F\u00fcr jeden ist etwas dabei. Komm Tanzen!<\/p>\n<p>ADTV Tanzschule Sch\u00e4fer, Am Clef 64, 42275 Wuppertal, Tel: 0202-55 04 06, Fax: 0202-57 26 10, <a href=\"mailto:barmen@tanzschule-schaefer.de\">barmen@tanzschule-schaefer.de<\/a><\/p>\n<p>ADTV Tanzschule Sch\u00e4fer-Koch, Laurentiusstr. 27, 42103 Wuppertal, Tel. 0202-31 35 88, Fax: 0202 \u2013 30 20 16, <a href=\"mailto:elberfeld@tanzschule-schaefer.de\">elberfeld@tanzschule-schaefer.de<\/a><\/p>\n<p>www.tanzschule-schaefer.de<\/p>\n","protected":false},"excerpt":{"rendered":"<p>Um das Jahresende geb\u00fchrend zu feiern laden die Tanzschulen Sch\u00e4fer und Sch\u00e4fer-Koch Sie herzlich zum Weihnachtsball 2018 ein.<\/p>\n","protected":false},"author":24,"featured_media":21440,"comment_status":"open","ping_status":"closed","sticky":false,"template":"","format":"standard","meta":{"footnotes":""},"categories":[33],"tags":[2185,1221],"class_list":["post-21441","post","type-post","status-publish","format-standard","hentry","category-pr-artikel","tag-tanzen","tag-weihnachten"],"publishpress_future_action":{"enabled":false,"date":"2026-05-09 01:53:17","action":"change-status","newStatus":"draft","terms":[],"taxonomy":"category","extraData":[]},"publishpress_future_workflow_manual_trigger":{"enabledWorkflows":[]},"_links":{"self":[{"href":"https:\/\/www.die-stadtzeitung.de\/index.php\/wp-json\/wp\/v2\/posts\/21441","targetHints":{"allow":["GET"]}}],"collection":[{"href":"https:\/\/www.die-stadtzeitung.de\/index.php\/wp-json\/wp\/v2\/posts"}],"about":[{"href":"https:\/\/www.die-stadtzeitung.de\/index.php\/wp-json\/wp\/v2\/types\/post"}],"author":[{"embeddable":true,"href":"https:\/\/www.die-stadtzeitung.de\/index.php\/wp-json\/wp\/v2\/users\/24"}],"replies":[{"embeddable":true,"href":"https:\/\/www.die-stadtzeitung.de\/index.php\/wp-json\/wp\/v2\/comments?post=21441"}],"version-history":[{"count":0,"href":"https:\/\/www.die-stadtzeitung.de\/index.php\/wp-json\/wp\/v2\/posts\/21441\/revisions"}],"wp:featuredmedia":[{"embeddable":true,"href":"https:\/\/www.die-stadtzeitung.de\/index.php\/wp-json\/wp\/v2\/media\/21440"}],"wp:attachment":[{"href":"https:\/\/www.die-stadtzeitung.de\/index.php\/wp-json\/wp\/v2\/media?parent=21441"}],"wp:term":[{"taxonomy":"category","embeddable":true,"href":"https:\/\/www.die-stadtzeitung.de\/index.php\/wp-json\/wp\/v2\/categories?post=21441"},{"taxonomy":"post_tag","embeddable":true,"href":"https:\/\/www.die-stadtzeitung.de\/index.php\/wp-json\/wp\/v2\/tags?post=21441"}],"curies":[{"name":"wp","href":"https:\/\/api.w.org\/{rel}","templated":true}]}}