{"id":20999,"date":"2018-09-13T07:45:54","date_gmt":"2018-09-13T05:45:54","guid":{"rendered":"http:\/\/192.168.10.16\/newsportal\/stadtzeitung\/index.php\/2018\/09\/13\/prof-groenemeyer-weltreisen-fuer-die-gesundheit\/"},"modified":"2022-08-09T13:11:43","modified_gmt":"2022-08-09T11:11:43","slug":"prof-groenemeyer-weltreisen-fuer-die-gesundheit","status":"publish","type":"post","link":"https:\/\/www.die-stadtzeitung.de\/index.php\/2018\/09\/13\/prof-groenemeyer-weltreisen-fuer-die-gesundheit\/","title":{"rendered":"Prof. Gr\u00f6nemeyer &#8211; Weltreisen f\u00fcr die Gesundheit"},"content":{"rendered":"<div id=\"attachment_45454\" class=\"wp-caption alignnone\" style=\"max-width: 1034px;\"><img loading=\"lazy\" decoding=\"async\" class=\"size-large wp-image-45454\" src=\"\/wp-content\/uploads\/2020\/01\/IMG_4802-1024x788.jpeg\" alt=\"\" width=\"1024\" height=\"788\" \/><span class=\"wp-caption-text\">Ein eindrucksvolles Dokument: Prof. Dr. Dietrich Gr\u00f6nemeyer (r.) und der Dalai Lama treffen sich \u00a9 privat<\/span><\/div>\n<p>\u201eWeltmedizin &#8211; Auf dem Weg zu einer ganzheitlichen Heilkunst\u201c diesen Titel tr\u00e4gt das neue Buch von Prof. Dr. Dietrich Gr\u00f6nemeyer. Weltmedizin \u2013 das ist das Lebensprojekt des bekannten Mediziners. Seit Jahrzehnten geht der bekannte Mediziner und Bruder des S\u00e4ngers Herbert Gr\u00f6nemeyer (\u201eM\u00e4nner\u201c &#8211; \u201eFlugzeuge im Bauch\u201c) der Frage nach, ob und wie alternative Heilmethoden die Schulmedizin bereichern k\u00f6nnen.<\/p>\n<p>Der \u00fcber die Grenzen Deutschlands hinaus gesch\u00e4tzte Arzt ist im Laufe der Jahre um die Welt gereist, hat immer wieder Kollegen und Heiler gebeten, ihr Wissen mit ihm zu teilen: Von Kr\u00e4utermedizin, \u00fcber Meditation bis hin zur traditionellen chinesischen Heilkunst.<\/p>\n<p>Prof. Dr. Dietrich Gr\u00f6nemeyer: \u201eImmer wenn ich im Ausland unterwegs war, als Student, als Arzt oder als Wissenschaftler, habe ich mich daf\u00fcr interessiert: Was passiert in den L\u00e4ndern eigentlich medizinisch? Eigentlich wollte ich immer Allgemeinmediziner werden und nicht Radiologe. Seit Anfang der 70er Jahre bin ich in Sachen Schulmedizin und Naturheilkunde<br \/>\nunterwegs.\u201c<\/p>\n<p>Seine Recherchen f\u00fchrten ihn u.a. nach China, Mexico, Australien, Afrika, Tibet, Brasilien, Japan und andere L\u00e4nder. Jetzt nutzt Prof. Dr. Dietrich Gr\u00f6nemeyer sein gesammeltes Wissen, um Antworten auf zahlreiche Fragen der Heilkunst zu finden und hinter die \u201eGeheimnisse\u201c von Schamanen, Medizinm\u00e4nnern und Heilerinnen zu kommen: Kann Meditation den Herz- rhythmus regulieren? Werden Menschen durch Handauflegen gesund? Warum funktionieren Akupunktur, Ayurveda oder Yoga?<\/p>\n<p>Prof. Dr. Dietrich Gr\u00f6nemeyer gr\u00fcndete 1997 das interdisziplin\u00e4r (mehrere Disziplinen umfas- send) ausgerichtete Gr\u00f6nemeyer-Institut f\u00fcr Mikrotherapie in Bochum. Als Arzt, Wissenschaftler<br \/>\nund Autor z\u00e4hlt Dietrich Gr\u00f6nemeyer zu den entschiedenen Verfechtern einer Medizin zwischen High-Tech und traditionellen Heilweisen.<\/p>\n<p>Schon in den 1980er Jahren etablierte er die erste Akupunktur-Ambulanz und eine Arbeits- gruppe zur integrativen Medizin (Integrative Medizin b\u00fcndelt verschiedene Verfahren, um der Komplexit\u00e4t des K\u00f6rpers Rechnung zu tragen und die Selbstheilungskr\u00e4fte anzuregen) der Universit\u00e4t Witten-Herdecke. Deren Ziel war es, Menschen mit einer Synthese aus moderner Schulmedizin und den alternativen Heilverfahren anderer Kulturen zu mehr Lebensqualit\u00e4t, Wohlbefinden und Gesundheit zu verhelfen.<\/p>\n<p>Prof. Dr. Dietrich Gr\u00f6nemeyers B\u00fccher \u201eMensch bleiben\u201c, \u201eMein R\u00fcckenbuch\u201c, \u201eLebe mit Herz und\u00a0Seele\u201c, \u201eDer kleine Medicus\u201c und \u201eGr\u00f6nemeyers neues Hausbuch der Gesundheit\u201c &#8211; wie auch \u201eDein Herz\u201c oder \u201eWir Besser-Esser\u201c &#8211; wurden Bestseller.<\/p>\n<p>Ein gro\u00dfes Interview mit Prof. Dr. Dietrich Gr\u00f6nemeyer lesen Sie in unserer n\u00e4chsten Print-Ausgabe.<\/p>\n<p>Weltmedizin &#8211; Auf dem Weg zu einer ganzheitlichen Heilkunst 416 Seiten, gebunden<br \/>\nVerlag S. FISCHER<br \/>\nISBN 978-3-10-027306-2 ca. EURO 22,00<\/p>\n<p><strong>Text: Peter Pionke<\/strong><\/p>\n","protected":false},"excerpt":{"rendered":"<p>Der renommierte Arzt Prof. Dr. Dietrich Gr\u00f6nemeyer ist ein Weltreisender in Sachen Gesundheit. Seine Erkenntnisse und Erfahrungen hat er jetzt in seinem neuen Buch \u201eWeltmedizin\u201c zusammengefasst.<\/p>\n","protected":false},"author":7,"featured_media":20998,"comment_status":"open","ping_status":"open","sticky":false,"template":"","format":"standard","meta":{"footnotes":""},"categories":[27],"tags":[5867,5866,5865],"class_list":["post-20999","post","type-post","status-publish","format-standard","hentry","category-wissen","tag-groenemeyerinstitut","tag-prof-dietrich-groenemeyer","tag-weltmedizin"],"publishpress_future_action":{"enabled":false,"date":"2026-05-06 18:13:03","action":"change-status","newStatus":"draft","terms":[],"taxonomy":"category","extraData":[]},"publishpress_future_workflow_manual_trigger":{"enabledWorkflows":[]},"_links":{"self":[{"href":"https:\/\/www.die-stadtzeitung.de\/index.php\/wp-json\/wp\/v2\/posts\/20999","targetHints":{"allow":["GET"]}}],"collection":[{"href":"https:\/\/www.die-stadtzeitung.de\/index.php\/wp-json\/wp\/v2\/posts"}],"about":[{"href":"https:\/\/www.die-stadtzeitung.de\/index.php\/wp-json\/wp\/v2\/types\/post"}],"author":[{"embeddable":true,"href":"https:\/\/www.die-stadtzeitung.de\/index.php\/wp-json\/wp\/v2\/users\/7"}],"replies":[{"embeddable":true,"href":"https:\/\/www.die-stadtzeitung.de\/index.php\/wp-json\/wp\/v2\/comments?post=20999"}],"version-history":[{"count":2,"href":"https:\/\/www.die-stadtzeitung.de\/index.php\/wp-json\/wp\/v2\/posts\/20999\/revisions"}],"predecessor-version":[{"id":54298,"href":"https:\/\/www.die-stadtzeitung.de\/index.php\/wp-json\/wp\/v2\/posts\/20999\/revisions\/54298"}],"wp:featuredmedia":[{"embeddable":true,"href":"https:\/\/www.die-stadtzeitung.de\/index.php\/wp-json\/wp\/v2\/media\/20998"}],"wp:attachment":[{"href":"https:\/\/www.die-stadtzeitung.de\/index.php\/wp-json\/wp\/v2\/media?parent=20999"}],"wp:term":[{"taxonomy":"category","embeddable":true,"href":"https:\/\/www.die-stadtzeitung.de\/index.php\/wp-json\/wp\/v2\/categories?post=20999"},{"taxonomy":"post_tag","embeddable":true,"href":"https:\/\/www.die-stadtzeitung.de\/index.php\/wp-json\/wp\/v2\/tags?post=20999"}],"curies":[{"name":"wp","href":"https:\/\/api.w.org\/{rel}","templated":true}]}}