{"id":20653,"date":"2018-08-06T09:47:02","date_gmt":"2018-08-06T07:47:02","guid":{"rendered":"http:\/\/192.168.10.16\/newsportal\/stadtzeitung\/index.php\/2018\/08\/06\/drittes-duesseldorfer-weinfest\/"},"modified":"2018-08-06T09:47:02","modified_gmt":"2018-08-06T07:47:02","slug":"drittes-duesseldorfer-weinfest","status":"publish","type":"post","link":"https:\/\/www.die-stadtzeitung.de\/index.php\/2018\/08\/06\/drittes-duesseldorfer-weinfest\/","title":{"rendered":"Willkommen zum 3. D\u00fcsseler Weinfest"},"content":{"rendered":"<p><img loading=\"lazy\" decoding=\"async\" class=\" size-full wp-image-20652\" src=\"https:\/\/www.die-stadtzeitung.de\/wp-content\/uploads\/2018\/08\/3507ea518bf6fc3ab9009b2510d25d67.jpg\" alt=\"\" width=\"672\" height=\"770\" \/><\/p>\n<p>Der innovative D\u00fcsseler Frank Hamann bereichert erneut das idyllische Dorf D\u00fcssel.<\/p>\n<p>  <!--more-->  <\/p>\n<p>Vom 24. bis 26. August 2018 l\u00e4dt der Inhaber der beliebten Restaurants \u201eKutscherstuben\u201c und \u201eWasserburg\u201c zum Weinfest auf den historischen Dorfplatz ein. Der Weinkenner pr\u00e4sentiertan drei Tagen edle Tropfen aus beliebten deutschen Anbaugebieten. An verschiedenen St\u00e4nden kommen die Besucher in den Genuss, erlesene Weine u.a. aus Rheinhessen, der Mosel,<br \/>der Pfalz und Baden-Baden zu probieren. Selbstverst\u00e4ndlich verw\u00f6hnt F. Hamann auch den Gaumen mit feinen kulinarischen K\u00f6stlichkeiten. Das Weinfest startet am 24. August von 17:00 bis 22:00 Uhr. Am 25. August sind die St\u00e4nde von<br \/>12:00 bis 22:00 Uhr ge\u00f6ffnet und am 26. August von 12:00 bis 20 Uhr.<\/p>\n<p>Kutscherstuben W\u00fclfrath, Dorfstra\u00dfe 6 &#8211; 42489 W\u00fclfrath-D\u00fcssel, Tel.: 02058\/7822809, <a href=\"http:\/\/www.kutscherstuben-wuelfrath.de\">www.kutscherstuben-wuelfrath.de<\/a><br \/>Restaurant Wasserburg, Dorfstra\u00dfe 7 &#8211; 42489 W\u00fclfrath-D\u00fcssel, Tel.: 02058\/8970524<\/p>\n","protected":false},"excerpt":{"rendered":"<p>Der innovative D\u00fcsseler Frank Hamann bereichert erneut das idyllische Dorf D\u00fcssel.<\/p>\n","protected":false},"author":24,"featured_media":20652,"comment_status":"open","ping_status":"closed","sticky":false,"template":"","format":"standard","meta":{"footnotes":""},"categories":[33],"tags":[],"class_list":["post-20653","post","type-post","status-publish","format-standard","hentry","category-pr-artikel"],"publishpress_future_action":{"enabled":false,"date":"2026-05-06 16:41:21","action":"change-status","newStatus":"draft","terms":[],"taxonomy":"category","extraData":[]},"publishpress_future_workflow_manual_trigger":{"enabledWorkflows":[]},"_links":{"self":[{"href":"https:\/\/www.die-stadtzeitung.de\/index.php\/wp-json\/wp\/v2\/posts\/20653","targetHints":{"allow":["GET"]}}],"collection":[{"href":"https:\/\/www.die-stadtzeitung.de\/index.php\/wp-json\/wp\/v2\/posts"}],"about":[{"href":"https:\/\/www.die-stadtzeitung.de\/index.php\/wp-json\/wp\/v2\/types\/post"}],"author":[{"embeddable":true,"href":"https:\/\/www.die-stadtzeitung.de\/index.php\/wp-json\/wp\/v2\/users\/24"}],"replies":[{"embeddable":true,"href":"https:\/\/www.die-stadtzeitung.de\/index.php\/wp-json\/wp\/v2\/comments?post=20653"}],"version-history":[{"count":0,"href":"https:\/\/www.die-stadtzeitung.de\/index.php\/wp-json\/wp\/v2\/posts\/20653\/revisions"}],"wp:featuredmedia":[{"embeddable":true,"href":"https:\/\/www.die-stadtzeitung.de\/index.php\/wp-json\/wp\/v2\/media\/20652"}],"wp:attachment":[{"href":"https:\/\/www.die-stadtzeitung.de\/index.php\/wp-json\/wp\/v2\/media?parent=20653"}],"wp:term":[{"taxonomy":"category","embeddable":true,"href":"https:\/\/www.die-stadtzeitung.de\/index.php\/wp-json\/wp\/v2\/categories?post=20653"},{"taxonomy":"post_tag","embeddable":true,"href":"https:\/\/www.die-stadtzeitung.de\/index.php\/wp-json\/wp\/v2\/tags?post=20653"}],"curies":[{"name":"wp","href":"https:\/\/api.w.org\/{rel}","templated":true}]}}