{"id":2038,"date":"2015-10-21T04:51:11","date_gmt":"2015-10-21T02:51:11","guid":{"rendered":"http:\/\/192.168.10.16\/newsportal\/stadtzeitung\/index.php\/2015\/10\/21\/grippeschutzimpfung-startet\/"},"modified":"2015-10-21T04:51:11","modified_gmt":"2015-10-21T02:51:11","slug":"grippeschutzimpfung-startet","status":"publish","type":"post","link":"https:\/\/www.die-stadtzeitung.de\/index.php\/2015\/10\/21\/grippeschutzimpfung-startet\/","title":{"rendered":"Grippeschutzimpfung startet"},"content":{"rendered":"<p><img loading=\"lazy\" decoding=\"async\" class=\" size-full wp-image-2037\" src=\"https:\/\/www.die-stadtzeitung.de\/wp-content\/uploads\/2015\/10\/51fd4e073a5c230f82bf528d466f6b2c.jpg\" alt=\"\u00a9 sharryfoto\/fotolia.com\" width=\"900\" height=\"600\" \/><\/p>\n<p>Auch in diesem Jahr bietet das Gesundheitsamt der Stadt Wuppertal eine Grippeschutzimpfung an, die Kosten \u00fcbernimmt die Krankenkasse. Jetzt stehen die Termine fest.<\/p>\n<p>  <!--more-->  <\/p>\n<p>Die Termine der Grippeschutzimpfung in diesem Jahr sind:<\/p>\n<p>In Elberfeld, am Donnerstag, 22. Oktober, von 14 bis 18 Uhr, in der AOK Gesch\u00e4ftsstelle, Bundesallee 265. <br \/>In Barmen, am Donnerstag, 29. Oktober, von 14 bis 18 Uhr, im Haus der Jugend Barmen, Geschwister-Scholl-Platz 4-6.<\/p>\n<p>Die Impfung gegen den Influenza-Virus ist f\u00fcr alle gesetzlich Krankenversicherte kostenlos. Die Kosten f\u00fcr die Impfung \u00fcbernimmt die jeweilige Krankenkasse, es reicht, die Versichertenkarte mitzubringen. Privatkrankenversicherte zahlen einen Unkostenbeitrag von 20 Euro.<\/p>\n<p>Empfohlen wird die Impfung allen Menschen, die \u00e4lter als 60 Jahre sind, die an chronischen Krankheiten wie Asthma, Bronchitis oder Diabetes leiden oder ein geschw\u00e4chtes Immunsystem haben. Auch wer beruflich viel in Kontakt mit anderen Menschen kommt, sollte sich impfen lassen, so das Gesundheitsamt.<\/p>\n<p>Der optimale Zeitpunkt f\u00fcr die Impfung, so das Gesundheitsamt, liegt zwischen September und November: Der Impfschutz beginnt etwa zwei Wochen nach der Impfung. Die Grippewelle tritt in Deutschland meist erst Ende Dezember, Anfang Januar auf.<\/p>\n","protected":false},"excerpt":{"rendered":"<p>Auch in diesem Jahr bietet das Gesundheitsamt der Stadt Wuppertal eine Grippeschutzimpfung an, die Kosten \u00fcbernimmt die Krankenkasse. Jetzt stehen die Termine fest.<\/p>\n","protected":false},"author":14,"featured_media":2037,"comment_status":"open","ping_status":"closed","sticky":false,"template":"","format":"standard","meta":{"footnotes":""},"categories":[],"tags":[1114,1116,1156],"class_list":["post-2038","post","type-post","status-publish","format-standard","hentry","tag-gesundheitsamt","tag-grippe","tag-imofung"],"publishpress_future_action":{"enabled":false,"date":"2026-05-05 02:30:46","action":"change-status","newStatus":"draft","terms":[],"taxonomy":"category","extraData":[]},"publishpress_future_workflow_manual_trigger":{"enabledWorkflows":[]},"_links":{"self":[{"href":"https:\/\/www.die-stadtzeitung.de\/index.php\/wp-json\/wp\/v2\/posts\/2038","targetHints":{"allow":["GET"]}}],"collection":[{"href":"https:\/\/www.die-stadtzeitung.de\/index.php\/wp-json\/wp\/v2\/posts"}],"about":[{"href":"https:\/\/www.die-stadtzeitung.de\/index.php\/wp-json\/wp\/v2\/types\/post"}],"author":[{"embeddable":true,"href":"https:\/\/www.die-stadtzeitung.de\/index.php\/wp-json\/wp\/v2\/users\/14"}],"replies":[{"embeddable":true,"href":"https:\/\/www.die-stadtzeitung.de\/index.php\/wp-json\/wp\/v2\/comments?post=2038"}],"version-history":[{"count":0,"href":"https:\/\/www.die-stadtzeitung.de\/index.php\/wp-json\/wp\/v2\/posts\/2038\/revisions"}],"wp:featuredmedia":[{"embeddable":true,"href":"https:\/\/www.die-stadtzeitung.de\/index.php\/wp-json\/wp\/v2\/media\/2037"}],"wp:attachment":[{"href":"https:\/\/www.die-stadtzeitung.de\/index.php\/wp-json\/wp\/v2\/media?parent=2038"}],"wp:term":[{"taxonomy":"category","embeddable":true,"href":"https:\/\/www.die-stadtzeitung.de\/index.php\/wp-json\/wp\/v2\/categories?post=2038"},{"taxonomy":"post_tag","embeddable":true,"href":"https:\/\/www.die-stadtzeitung.de\/index.php\/wp-json\/wp\/v2\/tags?post=2038"}],"curies":[{"name":"wp","href":"https:\/\/api.w.org\/{rel}","templated":true}]}}