{"id":20342,"date":"2018-06-28T12:16:50","date_gmt":"2018-06-28T10:16:50","guid":{"rendered":"http:\/\/192.168.10.16\/newsportal\/stadtzeitung\/index.php\/2018\/06\/28\/staatsekretaerin-sozialer-arbeitsmarkt-kommt\/"},"modified":"2022-01-29T19:51:00","modified_gmt":"2022-01-29T18:51:00","slug":"staatsekretaerin-sozialer-arbeitsmarkt-kommt","status":"publish","type":"post","link":"https:\/\/www.die-stadtzeitung.de\/index.php\/2018\/06\/28\/staatsekretaerin-sozialer-arbeitsmarkt-kommt\/","title":{"rendered":"Staatsekret\u00e4rin: Sozialer Arbeitsmarkt kommt"},"content":{"rendered":"<div id=\"attachment_48308\" class=\"wp-caption alignnone\" style=\"max-width: 1010px;\"><img loading=\"lazy\" decoding=\"async\" class=\"size-full wp-image-48308\" src=\"\/wp-content\/uploads\/2020\/04\/9107e5b5a6ec253239dc6422fc0105ab-2.jpeg\" alt=\"\" width=\"1000\" height=\"789\" \/><span class=\"wp-caption-text\">Sozialdezernent Dr. Stefan K\u00fchn &#8211; \u00a9 Stadt Wuppertal<\/span><\/div>\n<p>Kerstin Griese war zu einem Treffen mit Oberb\u00fcrgermeister Andreas Mucke, Sozialdezernent Dr. Stefan K\u00fchn und Jobcenter-Chef Thomas Lenz ins Rathaus gekommen. Ihr Thema: Die Pl\u00e4ne, die das Ministerium f\u00fcr Arbeit und Soziales laut Koalitionsvertrag in Sachen Sozialer Arbeitsmarkt vorsieht.<\/p>\n<p>Kerstin Griese berichtete, dass nur noch letzte Absprachen notwendig seien, grundlegende Eckpunkte in der Finanzierung eines Sozialen Arbeitsmarktes aber bereits festst\u00fcnden. So sieht eine Neufassung der F\u00f6rderung von Landzeitarbeitslosen vor, dass Menschen, die l\u00e4nger als zwei Jahre arbeitslos sind oder seit sechs Jahren Unterst\u00fctzung vom Staat bekommen, eine F\u00f6rderung f\u00fcr sozialversicherungspflichtige Arbeitsverh\u00e4ltnisse bekommen.<\/p>\n<p>Dabei muss die Arbeit nicht wie bisher im \u00f6ffentlichen Interesse oder zus\u00e4tzlich zu Pflichtaufgaben sein. Ein Coaching begleitet die Wiederaufnahme von Arbeit, au\u00dferdem werden Weiterbildungsma\u00dfnahmen finanziert. \u201eUnser Ziel ist Vollbesch\u00e4ftigung. Dazu geh\u00f6rt auch, dass denjenigen, die schon sehr lange arbeitslos sind, wieder eine Perspektive auf dem Arbeitsmarkt er\u00f6ffnet wird\u201c, so Griese. Die neuen Regelungen stellten eine ganzheitliche L\u00f6sung aus Qualifizierung, Vermittlung und Re-Integration in den Arbeitsmarkt dar.<\/p>\n<p>In Wuppertal hatten ausbleibende F\u00f6rdermittel des Bundes f\u00fcr Qualifizierung und Besch\u00e4ftigung im Januar f\u00fcr Aufmerksamkeit gesorgt: Das bei Teilnehmern wie bei B\u00fcrgern besonders gesch\u00e4tzte Qualifizierungs- und Besch\u00e4ftigungsprojekt auf der Hardt hatte pausieren m\u00fcssen, weil die Finanzierung nicht gesichert war. Inzwischen konnte das Gr\u00fcnfl\u00e4chenprojekt seine Arbeit wieder aufnehmen. Auch f\u00fcr weitere Projekte besteht jetzt Hoffnung: Vier Milliarden Euro will die Bundesregierung f\u00fcr die Finanzierung von Besch\u00e4ftigung und Qualifizierung im Zuge der Neuregelung zur Verf\u00fcgung zu stellen.<\/p>\n<p>Oberb\u00fcrgermeister Andreas Mucke betonte die Bedeutung von Qualifizierung und Besch\u00e4ftigung f\u00fcr die Stadt: Wuppertal habe, was Arbeitslosigkeit und vor allen Unterbesch\u00e4ftigung angehe, schlechtere Rahmenbedingungen als andere NRW-St\u00e4dte. Eine Unterst\u00fctzung zur Besch\u00e4ftigung und Qualifizierung sei daher dringend notwendig.<\/p>\n<p>Sozialdezernent Dr. Stefan K\u00fchn betonte, Wuppertal habe viele Ideen, wie eine Wiedereingliederung ins Arbeitsleben mit Weiterbildung und Qualifikation kombiniert werden k\u00f6nne und begr\u00fc\u00dfte, dass die Finanzierung \u00fcber das neue Gesetz langfristig gesichert sei.<\/p>\n<p>\u201eArbeit ist mehr als Einkommen\u201c, betonte auch Jobcenter-Leiter Thomas Lenz. Die Erfahrungen aus bisherigen Qualifikations- und Besch\u00e4ftigungsprojekten zeige deutlich, wie gut diese f\u00fcr die Teilnehmer seien. Oberb\u00fcrgermeister Mucke verwies darauf, dass viele Projekte in Wuppertal ohne den Einsatz solcher Besch\u00e4ftigungsprojekte gar nicht m\u00f6glich w\u00e4ren \u2013 zum Beispiel die Stadion-Trib\u00fcne oder die Nordbahntrasse. Aktuell haben Mitarbeiter eines Besch\u00e4ftigungsprojektes die Vorarbeiten f\u00fcr die neue Schwarzbachtrasse erledigt.<\/p>\n","protected":false},"excerpt":{"rendered":"<p>\u201eGut f\u00fcr Wuppertal\u201c: Das war die Botschaft, die die Parlamentarische Staatssekret\u00e4rin Kerstin Griese (SPD) bei ihrem Besuch in Wuppertal aus Berlin mitbrachte.<\/p>\n","protected":false},"author":7,"featured_media":20341,"comment_status":"open","ping_status":"closed","sticky":false,"template":"","format":"standard","meta":{"footnotes":""},"categories":[26],"tags":[],"class_list":["post-20342","post","type-post","status-publish","format-standard","hentry","category-politik"],"publishpress_future_action":{"enabled":false,"date":"2026-05-05 19:54:10","action":"change-status","newStatus":"draft","terms":[],"taxonomy":"category","extraData":[]},"publishpress_future_workflow_manual_trigger":{"enabledWorkflows":[]},"_links":{"self":[{"href":"https:\/\/www.die-stadtzeitung.de\/index.php\/wp-json\/wp\/v2\/posts\/20342","targetHints":{"allow":["GET"]}}],"collection":[{"href":"https:\/\/www.die-stadtzeitung.de\/index.php\/wp-json\/wp\/v2\/posts"}],"about":[{"href":"https:\/\/www.die-stadtzeitung.de\/index.php\/wp-json\/wp\/v2\/types\/post"}],"author":[{"embeddable":true,"href":"https:\/\/www.die-stadtzeitung.de\/index.php\/wp-json\/wp\/v2\/users\/7"}],"replies":[{"embeddable":true,"href":"https:\/\/www.die-stadtzeitung.de\/index.php\/wp-json\/wp\/v2\/comments?post=20342"}],"version-history":[{"count":2,"href":"https:\/\/www.die-stadtzeitung.de\/index.php\/wp-json\/wp\/v2\/posts\/20342\/revisions"}],"predecessor-version":[{"id":48479,"href":"https:\/\/www.die-stadtzeitung.de\/index.php\/wp-json\/wp\/v2\/posts\/20342\/revisions\/48479"}],"wp:featuredmedia":[{"embeddable":true,"href":"https:\/\/www.die-stadtzeitung.de\/index.php\/wp-json\/wp\/v2\/media\/20341"}],"wp:attachment":[{"href":"https:\/\/www.die-stadtzeitung.de\/index.php\/wp-json\/wp\/v2\/media?parent=20342"}],"wp:term":[{"taxonomy":"category","embeddable":true,"href":"https:\/\/www.die-stadtzeitung.de\/index.php\/wp-json\/wp\/v2\/categories?post=20342"},{"taxonomy":"post_tag","embeddable":true,"href":"https:\/\/www.die-stadtzeitung.de\/index.php\/wp-json\/wp\/v2\/tags?post=20342"}],"curies":[{"name":"wp","href":"https:\/\/api.w.org\/{rel}","templated":true}]}}