{"id":19567,"date":"2018-04-07T12:02:45","date_gmt":"2018-04-07T10:02:45","guid":{"rendered":"http:\/\/192.168.10.16\/newsportal\/stadtzeitung\/index.php\/2018\/04\/07\/milenas-50-plus-wer-ist-bloss-dieser-bjoern-borg\/"},"modified":"2022-12-06T22:50:54","modified_gmt":"2022-12-06T21:50:54","slug":"milenas-50-plus-wer-ist-bloss-dieser-bjoern-borg","status":"publish","type":"post","link":"https:\/\/www.die-stadtzeitung.de\/index.php\/2018\/04\/07\/milenas-50-plus-wer-ist-bloss-dieser-bjoern-borg\/","title":{"rendered":"Milenas 50+: Wer ist blo\u00df dieser Bj\u00f6rn Borg?"},"content":{"rendered":"<div id=\"attachment_52465\" class=\"wp-caption alignnone\" style=\"max-width: 1034px;\"><img loading=\"lazy\" decoding=\"async\" class=\"size-large wp-image-52465\" src=\"\/wp-content\/uploads\/2022\/05\/Milena0132-1024x683.jpg\" alt=\"\" width=\"1024\" height=\"683\" \/><span class=\"wp-caption-text\">Milena Preradovic &#8211; TV-Moderatorin und Fernsehjournalisten &#8211; \u00a9 Heli Mayr<\/span><\/div>\n<p>\u201eWer ist blo\u00df dieser Bj\u00f6rn Borg?\u201c &#8211;\u00a0Diese Frage steht gro\u00df in den Gesichtern der drei 25-j\u00e4hrigen vor mir\u2026.<\/p>\n<p>Und ganz kurz f\u00fchle ich mich alt\u2026<\/p>\n<p>Aber von vorne! Mittagessen mit den juvenilen Kollegen. Es geht um Tennis.<br \/>\nUnd ich erz\u00e4hle die Geschichte, wie Jimmy Connors mir bei den BMW-Open in M\u00fcnchen aus der Patsche geholfen hat.<\/p>\n<p>Eine echte Wow-Story! Wenn man wei\u00df, wer Jimmy Connors ist. Meine Kollegen wissen es nicht. Hm, ich versuche es mit John McEnroe \u2013 auch da h\u00e4tte ich ne kleine Anekdote parat. Ich schau in die drei Fragezeichen vor mir und lasse es.<\/p>\n<p>Aber kann es wirklich sein, da\u00df diese \u2013 immerhin studierten \u2013 Menschenkinder keinen blassen Schimmer von den Idolen einer ganzen Generation haben? Meiner Generation?<\/p>\n<p>Ich versuchs nochmal \u2013 mit dem Gr\u00f6Taz \u2013 dem besten blonden Balldrescher des 20. Jahrhunderts, mit Bj\u00f6rn Borg.<\/p>\n<p>Schweigen! Dann sehe ich pl\u00f6tzlich ein triumphierendes Blitzen in den Augen der jungen Kollegin: Bj\u00f6rn Borg? Das ist doch der mit den Unterhosen!<br \/>\nDer Held meiner Jugend \u2013 abgerutscht in den Unterleib der Nullerjahre!<\/p>\n<p>Und ich? Zeitzeuge? Urviech? Dinosaurier? Guido Knopp hat zum Gl\u00fcck noch nicht angerufen! Aber der ist beim ZDF ja auch schon l\u00e4ngst \u201eHistory\u201c.<br \/>\nDas Leben ist nicht gerecht.<\/p>\n<p>Ich muss Justin Bieber kennen \u2013 aber die Kids d\u00fcrfen Bj\u00f6rn Borg vergessen. Nach solchen Dialogen f\u00fchle ich mich ein bisschen aus dem Generationennest geworfen.<\/p>\n<p>Es geht allerdings noch schlimmer!<\/p>\n<p>Gem\u00fctliches Zusammensitzen mit den Milleniumskids! Thema Nasa und die Reise zum Mars.<\/p>\n<p>Und ich sage: Boah, ich wei\u00df noch, wie spannend die Mondlandung war.<br \/>\nUngl\u00e4ubiges Starren! Die Mondlandung? Wann war die gleich? Vor oder nach dem zweiten Weltkrieg?<br \/>\n\u201eDu hast die Mondlandung gesehen? Live?\u201c<\/p>\n<p>Ich murmel: Ja genau, auf dem Schoss meiner Gro\u00dfmutter. Aber es ist zu sp\u00e4t. In den Augen meiner Gespr\u00e4chlinge mutiere ich zu Methusalems Gouvernante! Und ich wette, wenn ich jetzt von meiner Zeit am Hofe von Kaiserin Sissi erz\u00e4hle \u2013 sie werden es glauben.<\/p>\n<p>\u00dcbrigens \u2013 nur falls Sie wissen, wer Jimmy Connors ist: Ich hatte damals meinen Presseausweis vergessen und der Wachmann wollte mich nicht aufs Gel\u00e4nde lassen. Und in diesem Moment kam Jimmy Connors vorbei\u2026<\/p>\n<p><strong>Ihre Milena Preradovic<\/strong><\/p>\n","protected":false},"excerpt":{"rendered":"<p>Milena Preradovic, u.a. langj\u00e4hrige Moderatorin des erfolgreichen RTL-Mittagsmagazins &#8222;Punkt 12&#8220;, besch\u00e4ftigt sich in iher Kolumne &#8222;Milenas 50+&#8220; humorvoll mit den T\u00fccken des \u00c4lterwerdens&#8230;<\/p>\n","protected":false},"author":7,"featured_media":19566,"comment_status":"open","ping_status":"open","sticky":false,"template":"","format":"standard","meta":{"footnotes":""},"categories":[29],"tags":[5170,3528,3205],"class_list":["post-19567","post","type-post","status-publish","format-standard","hentry","category-kultur","tag-milena-preradovic","tag-punkt-12","tag-rtl"],"publishpress_future_action":{"enabled":false,"date":"2026-05-07 23:15:08","action":"change-status","newStatus":"draft","terms":[],"taxonomy":"category","extraData":[]},"publishpress_future_workflow_manual_trigger":{"enabledWorkflows":[]},"_links":{"self":[{"href":"https:\/\/www.die-stadtzeitung.de\/index.php\/wp-json\/wp\/v2\/posts\/19567","targetHints":{"allow":["GET"]}}],"collection":[{"href":"https:\/\/www.die-stadtzeitung.de\/index.php\/wp-json\/wp\/v2\/posts"}],"about":[{"href":"https:\/\/www.die-stadtzeitung.de\/index.php\/wp-json\/wp\/v2\/types\/post"}],"author":[{"embeddable":true,"href":"https:\/\/www.die-stadtzeitung.de\/index.php\/wp-json\/wp\/v2\/users\/7"}],"replies":[{"embeddable":true,"href":"https:\/\/www.die-stadtzeitung.de\/index.php\/wp-json\/wp\/v2\/comments?post=19567"}],"version-history":[{"count":3,"href":"https:\/\/www.die-stadtzeitung.de\/index.php\/wp-json\/wp\/v2\/posts\/19567\/revisions"}],"predecessor-version":[{"id":58897,"href":"https:\/\/www.die-stadtzeitung.de\/index.php\/wp-json\/wp\/v2\/posts\/19567\/revisions\/58897"}],"wp:featuredmedia":[{"embeddable":true,"href":"https:\/\/www.die-stadtzeitung.de\/index.php\/wp-json\/wp\/v2\/media\/19566"}],"wp:attachment":[{"href":"https:\/\/www.die-stadtzeitung.de\/index.php\/wp-json\/wp\/v2\/media?parent=19567"}],"wp:term":[{"taxonomy":"category","embeddable":true,"href":"https:\/\/www.die-stadtzeitung.de\/index.php\/wp-json\/wp\/v2\/categories?post=19567"},{"taxonomy":"post_tag","embeddable":true,"href":"https:\/\/www.die-stadtzeitung.de\/index.php\/wp-json\/wp\/v2\/tags?post=19567"}],"curies":[{"name":"wp","href":"https:\/\/api.w.org\/{rel}","templated":true}]}}