{"id":194,"date":"2015-04-24T08:43:03","date_gmt":"2015-04-24T06:43:03","guid":{"rendered":"http:\/\/192.168.10.16\/newsportal\/stadtzeitung\/index.php\/2015\/04\/24\/1live-chef-jochen-rausch\/"},"modified":"2022-12-06T19:43:21","modified_gmt":"2022-12-06T18:43:21","slug":"1live-chef-jochen-rausch","status":"publish","type":"post","link":"https:\/\/www.die-stadtzeitung.de\/index.php\/2015\/04\/24\/1live-chef-jochen-rausch\/","title":{"rendered":"1LIVE-Chef Jochen Rausch: Der Mann der vielen Talente"},"content":{"rendered":"<div id=\"attachment_45337\" class=\"wp-caption alignnone\" style=\"max-width: 1034px;\"><img loading=\"lazy\" decoding=\"async\" class=\"size-large wp-image-45337\" src=\"\/wp-content\/uploads\/2020\/01\/Foto-WDR-Annika-Fusswinkel-1024x683.jpg\" alt=\"\" width=\"1024\" height=\"683\" \/><span class=\"wp-caption-text\">Jochen Rausch (r.) mit Rock-Star Herbert Gr\u00f6nemeyer bei der Verleihung 1Live Krone 2014 &#8211;<br \/>\u00a9 WDR\/Annika Fu\u00dfwinkel<\/span><\/div>\n<p>In den 70er Jahren war Jochen Rausch Student der \u00d6konomie, stand als Keyboarder und S\u00e4nger der Band \u201eDie Helden&#8220; auf der B\u00fchne und schrieb als freier Mitarbeiter der Neuen-Rhein-Zeitung Konzertrezensionen, Gerichtsreportagen oder berichtete aus dem Stadtrat. Wenn Not am Mann war, schrieb er auch \u00fcber Spiele des WSV.<\/p>\n<p>Von da an ging es f\u00fcr Tal-B\u00fcrger Jochen Rausch steil bergauf. Er wechselte als Autor zum WDR und arbeitete f\u00fcr Radio und Fernsehen. \u201eEigentlich wollte ich aber Rockstar werden&#8220;, gab der Wuppertaler einmal zu. Dieses Ziel hat er nicht ganz erreicht, obwohl seine Band \u201eDie Helden&#8220; und die Nachfolge-Musik-Projekte \u201eStahlnetz&#8220; und \u201eLEBENdIGITAL&#8220; mehr als Achtungserfolge landeten.<\/p>\n<p>So gelang es Jochen Rausch und dem Gitarristen Detlev Cremer, Udo Lindenberg f\u00fcr ein ganz spezielles Projekt zu begeistern: Der Panik-Rocker pr\u00e4sentierte auf der CD \u201eLindenbergtracks&#8220; Songs wie \u201eBaby, wenn ich down bin&#8220; als Sprechs\u00e4nger zu dem Elektro-Sound von \u201eLEBENdIGITAL&#8220;. Ein gelungenes Experiment, das aufhorchen lie\u00df.<\/p>\n<p>Seit 15 Jahren ist Jochen Rausch Programmchef von 1LIVE (WDR). Er geh\u00f6rte auch zum Gr\u00fcndungsteam des Senders, der mit durchschnittlich fast vier Millionen H\u00f6rern der erfolgreichste junge deutsche Radiosender und das erfolgreichste Programm des WDR ist. Nicht zuletzt ist \u201e1LIVE&#8220; bei Jungen und Junggebliebenen wegen der lockeren und frechen Doppelmoderationen beliebt.<\/p>\n<div id=\"attachment_45335\" class=\"wp-caption alignnone\" style=\"max-width: 1034px;\"><img loading=\"lazy\" decoding=\"async\" class=\"size-large wp-image-45335\" src=\"\/wp-content\/uploads\/2020\/01\/257647759_980789028988820_5124441207427754933_n-2-1024x726.jpeg\" alt=\"\" width=\"1024\" height=\"726\" \/><span class=\"wp-caption-text\">Jochen Rausch, Programm-Direktor 1LIVE, WDR 2, WDR 4, Moderator, Musiker, Buchautor &#8211; \u00a9 Pieper<\/span><\/div>\n<p>Auch eine Erfindung von Jochen Rausch &#8211; mit seinen 58 Jahren ein echtes \u201eEvergreen&#8220; &#8211; das nach wie vor die Sprache und den Nerv seines jungen Publikums trifft. Wie kriegt er das nur hin? Jochen Rausch: \u201eIch bin nicht so sehr der Bewahrer des Vergangenen, ich m\u00f6chte immer wieder etwas Neues ausprobieren. Ich habe als Sch\u00fcler in Wuppertal eine Wochenzeitung ausgetragen. Aber nach und nach starben mir die Abonnenten weg und es kamen keine jungen Leser hinzu. Schlie\u00dflich war die Zeitung pleite. Wahrscheinlich hat mich das gepr\u00e4gt, dass Medien niemals stillstehen d\u00fcrfen.&#8220;<\/p>\n<h4>\u00bbIch bin nicht so sehr der Bewahrer des Vergangenen, ich m\u00f6chte immer wieder etwas Neues ausprobieren&#8230;\u00ab<\/h4>\n<p>Inzwischen ist Jochen Rausch, der lange als WDR-H\u00f6rfunkdirektor gehandelt wurde, aber dem aus Proporzgr\u00fcnden eine Frau vorgezogen wurde, f\u00fcr ein Fernsehprojekt, das er mit seinem 1LIVE-Team realisierte, mit dem begehrten Grimme-Preis ausgezeichnet worden. Dem Schreiben, seiner zweiten gro\u00dfen Leidenschaft nach der Musik, ist Jochen Rausch \u00fcber all die Jahre ebenfalls treu geblieben.<\/p>\n<p>2008 wurde sein Roman \u201eRestlicht&#8220; ver\u00f6ffentlicht, 2010 sein vielbeachtetes Buch \u201eTrieb&#8220;, eine spannende Sammlung von Kurzgeschichten. 2013 folgte Roman Nummer zwei, Titel: \u201eKrieg&#8220;. Gerade erst in diesen Tagen landete sein brandneues Buch \u201eRache&#8220; in den Auslagen der Buchl\u00e4den. Elf prickelnde Kurz-Thriller. Da geht es u.a. um einen Jobcenter-Mitarbeiter, der zun\u00e4chst die Beherrschung und danach seinen Job und seine Frau verliert, um einen Lokalreporter, der in einen Ehrenmord verwickelt wird, und um ein Weltverbesserer-P\u00e4rchen, das beim Anz\u00fcnden eines Autos an den Falschen ger\u00e4t.<\/p>\n<p>Doch wie kommt der Erfolgs-Autor an seine spannenden Storys, in denen oft menschliche Abgr\u00fcnde eine Hauptrolle spielen? Realit\u00e4t oder Fiktion? Jochen Rausch: &#8222;F\u00fcr einen Schriftsteller ist es nicht das Schlechteste, einmal als Journalist gearbeitet zu haben. Die Realit\u00e4t schafft Geschichten, die spannender sind als jede Fiktion. Die Realit\u00e4t in einer literarischen Weise darzustellen, finde ich sehr spannend.&#8220;<\/p>\n<p>Bei allem bisherigen Erfolg, das Wuppertaler Multitalent hat ein ganz gro\u00dfes Traumprojekt: \u201eFast jeder Autor w\u00fcnscht sich, dass eine seiner Geschichten ein Film wird. Filme finden ein gr\u00f6\u00dferes Publikum. Es w\u00e4re sch\u00f6n, wenn eine Geschichte wie \u201eKrieg&#8220; \u2013 in der es um eine Familie geht, die den Sohn in Afghanistan verliert \u2013 verfilmt w\u00fcrde. Ich arbeite daran.&#8220;<\/p>\n<p><strong>Text: Peter Pionke<\/strong><\/p>\n<p><a href=\"http:\/\/www.jochenrausch.com\">www.jochenrausch.com<\/a><\/p>\n","protected":false},"excerpt":{"rendered":"<p>Ein Leben wie im Rausch! \u201eHeld&#8220;, Musiker, Redakteur, 1LIVE-Chef, demn\u00e4chst auch noch WDR-Bereichsleiter \u201aBreitenprogramme&#8216; (1LIVE &#8211; WDR 2 &#8211; WDR 4), Buchautor, Grimme-Preistr\u00e4ger! Der Wuppertaler Jochen Rausch kann auf eine beeindruckende Karriere verweisen.<\/p>\n","protected":false},"author":10,"featured_media":193,"comment_status":"open","ping_status":"open","sticky":false,"template":"","format":"standard","meta":{"footnotes":""},"categories":[29],"tags":[60,62,61],"class_list":["post-194","post","type-post","status-publish","format-standard","hentry","category-kultur","tag-jochen-rausch","tag-krimi","tag-portrait"],"publishpress_future_action":{"enabled":false,"date":"2026-05-04 07:36:12","action":"change-status","newStatus":"draft","terms":[],"taxonomy":"category","extraData":[]},"publishpress_future_workflow_manual_trigger":{"enabledWorkflows":[]},"_links":{"self":[{"href":"https:\/\/www.die-stadtzeitung.de\/index.php\/wp-json\/wp\/v2\/posts\/194","targetHints":{"allow":["GET"]}}],"collection":[{"href":"https:\/\/www.die-stadtzeitung.de\/index.php\/wp-json\/wp\/v2\/posts"}],"about":[{"href":"https:\/\/www.die-stadtzeitung.de\/index.php\/wp-json\/wp\/v2\/types\/post"}],"author":[{"embeddable":true,"href":"https:\/\/www.die-stadtzeitung.de\/index.php\/wp-json\/wp\/v2\/users\/10"}],"replies":[{"embeddable":true,"href":"https:\/\/www.die-stadtzeitung.de\/index.php\/wp-json\/wp\/v2\/comments?post=194"}],"version-history":[{"count":3,"href":"https:\/\/www.die-stadtzeitung.de\/index.php\/wp-json\/wp\/v2\/posts\/194\/revisions"}],"predecessor-version":[{"id":58832,"href":"https:\/\/www.die-stadtzeitung.de\/index.php\/wp-json\/wp\/v2\/posts\/194\/revisions\/58832"}],"wp:featuredmedia":[{"embeddable":true,"href":"https:\/\/www.die-stadtzeitung.de\/index.php\/wp-json\/wp\/v2\/media\/193"}],"wp:attachment":[{"href":"https:\/\/www.die-stadtzeitung.de\/index.php\/wp-json\/wp\/v2\/media?parent=194"}],"wp:term":[{"taxonomy":"category","embeddable":true,"href":"https:\/\/www.die-stadtzeitung.de\/index.php\/wp-json\/wp\/v2\/categories?post=194"},{"taxonomy":"post_tag","embeddable":true,"href":"https:\/\/www.die-stadtzeitung.de\/index.php\/wp-json\/wp\/v2\/tags?post=194"}],"curies":[{"name":"wp","href":"https:\/\/api.w.org\/{rel}","templated":true}]}}