{"id":19007,"date":"2018-02-06T07:29:41","date_gmt":"2018-02-06T06:29:41","guid":{"rendered":"http:\/\/192.168.10.16\/newsportal\/stadtzeitung\/index.php\/2018\/02\/06\/wow-wuppertal-2-schritte-vor-3-zurueck\/"},"modified":"2022-01-29T17:02:52","modified_gmt":"2022-01-29T16:02:52","slug":"wow-wuppertal-2-schritte-vor-3-zurueck","status":"publish","type":"post","link":"https:\/\/www.die-stadtzeitung.de\/index.php\/2018\/02\/06\/wow-wuppertal-2-schritte-vor-3-zurueck\/","title":{"rendered":"Wow \u2013 WUPPERTAL: 2 Schritte vor \u2013 3 zur\u00fcck?"},"content":{"rendered":"<div id=\"attachment_48332\" class=\"wp-caption alignnone\" style=\"max-width: 960px;\"><img loading=\"lazy\" decoding=\"async\" class=\"size-full wp-image-48332\" src=\"\/wp-content\/uploads\/2017\/06\/IMG_6650_a.jpg\" alt=\"\" width=\"950\" height=\"633\" \/><span class=\"wp-caption-text\">Marketing-Experte Vok Dams &#8211; \u00a9 Dirk Sengotta<\/span><\/div>\n<p>&#8222;In unserem ATELIERHAUS-NotizBlog besch\u00e4ftigten sich die Januar-Eintragungen immer mit der Internationalen Fachmesse f\u00fcr Erlebnismarketing \u201eBOE &#8211; Best of Events\u201c in Dortmund. Also vor unserer Haust\u00fcr.<\/p>\n<p>Zu berichten gab es auch \u00fcber Wuppertal viel Positives. Hatten sich doch die unterschiedlichsten Event-Unternehmen der Stadt zu der Gruppe \u201eEVENTPARTNER WUPPERTAL\u201c zusammengeschlossen, ihre Messeauftritte aufeinander abgestimmt und mit unterschiedlichen Aktionen auf sich aufmerksam gemacht.<br \/>\nWenn auch privat initiiert \u2013 bestes Wuppertal-Marketing!<\/p>\n<p>Die benachbarten Messest\u00e4nde von Dortmund und Hamm veranlassten mich im letzten Jahr bereits zu der Bemerkung, Konkurrenz belebt das Gesch\u00e4ft. Ich hatte also damit gerechnet, dass der Auftritt der EVENTPARTNER WUPPERTAL im Jahre 2018 noch geschlossener, noch attraktiver und noch deutlicher ausfallen w\u00fcrde.<\/p>\n<p>Anlass zu diesem Optimismus bot eine einmalige Marketing-Aktion der Historischen Stadthalle Wuppertal, die in Zusammenarbeit mit der Fachzeitschrift EVENTS eine Brosch\u00fcre \u201eWOW! \u2013 WUPPERTAL!\u201c initiiert hat, die im Rahmen einer 360\u00b0 Kampagne WUPPERTAL als \u00e4u\u00dferst attraktive Kongressdestination bundesweit bekanntmachen soll.<\/p>\n<p>In der Tat: Mit tatkr\u00e4ftiger Unterst\u00fctzung von Wuppertal-Marketing gut recherchiert und attraktiv aufbereitet. Journalistisch, grafisch und inhaltlich eine einmalige Werbung f\u00fcr den Standort WUPPERTAL.<\/p>\n<p>Mit starken Aussagen, wie \u201eHier wird die Zukunft gewuppt\u201c, \u201eDie gr\u00fcnste Gro\u00dfstadt Deutschlands\u201c, \u201eDrehort Wuppertal\u201c, \u201e33 Kilometer Genuss-Piste\u201c, \u201eEinmal im Leben durch Wuppertal schweben\u201c, \u201eWuppertaler Firmen schreiben Erfolgsgeschichte\u201c, \u201eInnovationskraft: Nr. 6 von 85 Regionen\u201c, Weltmarktf\u00fchrer und Nischen-K\u00fcnstler\u201c, und , und, und\u2026 Nicht zuletzt nat\u00fcrlich auch ein Hinweis auf die einmalige und weltber\u00fchmte Schwebebahn.<\/p>\n<p>An starken Aussagen zur Stadt und zur Region fehlt es also nicht. Wo also finde ich auf der Messe unter der sichtbaren und erkennbaren \u00dcberschrift WUPPERTAL, oder zumindest unter EVENTPARTNER WUPPERTAL, diese Argumente plakativ, sichtbar und aufmerksamkeitsstark wieder? Hier, liebe Wuppertaler, waren wir schon mal besser.<\/p>\n<p>Wie man es anders machen kann, zeigen die Kollegen aus Dortmund.\u00a0Ein Zitat aus der offiziellen BOE-Pressemeldung macht das deutlich:<\/p>\n<p>\u201eMichaela Franzes, Projektleiterin ERLEBNIS.DORTMUND bei der Wirtschaftsf\u00f6rderung Dortmund: \u201eDer Event-Standort Dortmund konnte sich unter dem Label ERLEBNIS.DORTMUND auf der diesj\u00e4hrigen BOE hervorragend positionieren. Mit 16 Ausstellern aus den verschiedensten Bereichen der Event-Branche, einem \u2013 im wahrsten Sinne des Wortes \u2013 hei\u00dfen Rahmenprogramm und der erfolgreichen Premiere der Standparty stellte sich der Standort Dortmund einem gro\u00dfem Besucherstrom vor und verzeichnete eine hohe Kundenfrequenz. Die BOE ist f\u00fcr den Standort die richtige Plattform, um seine Attraktivit\u00e4t als Event-Standort einem nationalen und internationalen Publikum zu pr\u00e4sentieren.&#8220;\u201c<\/p>\n<p>Also ein starker Auftritt WUPPERTALS auf der Internationalen Fachmesse f\u00fcr Erlebnismarketing BOE in Dortmund? Wie man sich irren kann. Nicht nur, dass ein geschlossener Auftritt nicht zu erkennen war, auch die Einzelpr\u00e4sentationen konnten selbst bei bestem Willen kaum als beispielhaft bezeichnet werden. So vergibt man Chancen f\u00fcr den eigenen Auftritt und Chancen f\u00fcr den Standort WUPPERTAL.<\/p>\n<p>Wie war das noch? Im n\u00e4chsten Jahr wird alles besser?<\/p>\n<p>Die Chance haben wir.<\/p>\n<p>Wow \u2013 WUPPERTAL bietet als 360\u00b0 Kampagne die Basis f\u00fcr ein starkes WUPPERTAL-Marketing.<br \/>\nUnd f\u00fcr einen starken gemeinsamen Auftritt auf der BOE 2019 in Dortmund.<br \/>\nWir sollten jetzt anfangen. Der n\u00e4chste BOE-Termin ist der 16. Januar 2019.<\/p>\n<p><strong>Ihr Vok Dams.<\/strong><\/p>\n<p>&nbsp;<\/p>\n<p>http:\/\/vokdamsatelierhaus.de\/eventpartner-wuppertal-kommunikationszentrum-auf-best-of-events\/<\/p>\n<p>http:\/\/vokdamsatelierhaus.de\/best-of-events-erfolgreiche-perspektiven\/<\/p>\n<p>http:\/\/vokdamsatelierhaus.de\/boe-innovationen-fuer-messe\/<\/p>\n<p>&nbsp;<\/p>\n<p>\u201cWOW! \u2013 WUPPERTAL!\u201d<\/p>\n<p>http:\/\/www.3d-zeitschrift.de\/p\/WNRo959KrhkcJ\/wow_wuppertal.html<\/p>\n<p>Weitere Informationen:<\/p>\n<p>Vok Dams ATELIERHAUS<br \/>\nNotizBlog:<\/p>\n<p>http:\/\/vokdamsatelierhaus.de\/eventpartner-wuppertal-kommunikationszentrum-auf-best-of-events\/<\/p>\n<p>http:\/\/vokdamsatelierhaus.de\/best-of-events-erfolgreiche-perspektiven\/<\/p>\n<p>http:\/\/vokdamsatelierhaus.de\/boe-innovationen-fuer-messe\/<\/p>\n<p>\u201cWOW! \u2013 WUPPERTAL!\u201d<\/p>\n<p>http:\/\/www.3d-zeitschrift.de\/p\/WNRo959KrhkcJ\/wow_wuppertal.html<\/p>\n","protected":false},"excerpt":{"rendered":"<p>Wow \u2013 WUPPERTAL:\u00a0Zwei Schritte vor \u2013 drei zur\u00fcck?\u00a0Wo sind die EVENTPARTNER WUPPERTAL geblieben? &#8211; Event-Marketing-Experte Vok Dams spricht in seiner Kolumne &#8222;Denkanst\u00f6\u00dfe aus dem Atelierhaus&#8220; wie immer Klartext:<\/p>\n","protected":false},"author":7,"featured_media":19006,"comment_status":"open","ping_status":"closed","sticky":false,"template":"","format":"standard","meta":{"footnotes":""},"categories":[26],"tags":[4154,3258,4872],"class_list":["post-19007","post","type-post","status-publish","format-standard","hentry","category-politik","tag-denkanstoesse-aus-dem-atelierhaus","tag-vok-dams-atelierhaus","tag-vok-dams-kolumne"],"publishpress_future_action":{"enabled":false,"date":"2026-05-04 17:40:44","action":"change-status","newStatus":"draft","terms":[],"taxonomy":"category","extraData":[]},"publishpress_future_workflow_manual_trigger":{"enabledWorkflows":[]},"_links":{"self":[{"href":"https:\/\/www.die-stadtzeitung.de\/index.php\/wp-json\/wp\/v2\/posts\/19007","targetHints":{"allow":["GET"]}}],"collection":[{"href":"https:\/\/www.die-stadtzeitung.de\/index.php\/wp-json\/wp\/v2\/posts"}],"about":[{"href":"https:\/\/www.die-stadtzeitung.de\/index.php\/wp-json\/wp\/v2\/types\/post"}],"author":[{"embeddable":true,"href":"https:\/\/www.die-stadtzeitung.de\/index.php\/wp-json\/wp\/v2\/users\/7"}],"replies":[{"embeddable":true,"href":"https:\/\/www.die-stadtzeitung.de\/index.php\/wp-json\/wp\/v2\/comments?post=19007"}],"version-history":[{"count":2,"href":"https:\/\/www.die-stadtzeitung.de\/index.php\/wp-json\/wp\/v2\/posts\/19007\/revisions"}],"predecessor-version":[{"id":48397,"href":"https:\/\/www.die-stadtzeitung.de\/index.php\/wp-json\/wp\/v2\/posts\/19007\/revisions\/48397"}],"wp:featuredmedia":[{"embeddable":true,"href":"https:\/\/www.die-stadtzeitung.de\/index.php\/wp-json\/wp\/v2\/media\/19006"}],"wp:attachment":[{"href":"https:\/\/www.die-stadtzeitung.de\/index.php\/wp-json\/wp\/v2\/media?parent=19007"}],"wp:term":[{"taxonomy":"category","embeddable":true,"href":"https:\/\/www.die-stadtzeitung.de\/index.php\/wp-json\/wp\/v2\/categories?post=19007"},{"taxonomy":"post_tag","embeddable":true,"href":"https:\/\/www.die-stadtzeitung.de\/index.php\/wp-json\/wp\/v2\/tags?post=19007"}],"curies":[{"name":"wp","href":"https:\/\/api.w.org\/{rel}","templated":true}]}}