{"id":18747,"date":"2018-01-15T08:57:20","date_gmt":"2018-01-15T07:57:20","guid":{"rendered":"http:\/\/192.168.10.16\/newsportal\/stadtzeitung\/index.php\/2018\/01\/15\/prof-ziegler-ich-interessiere-mich-fuer-menschen\/"},"modified":"2022-12-07T16:31:32","modified_gmt":"2022-12-07T15:31:32","slug":"prof-ziegler-ich-interessiere-mich-fuer-menschen","status":"publish","type":"post","link":"https:\/\/www.die-stadtzeitung.de\/index.php\/2018\/01\/15\/prof-ziegler-ich-interessiere-mich-fuer-menschen\/","title":{"rendered":"Prof. Ziegler: Ich interessiere mich f\u00fcr  Menschen&#8230;"},"content":{"rendered":"<div id=\"attachment_44434\" class=\"wp-caption alignnone\" style=\"max-width: 1034px;\"><img loading=\"lazy\" decoding=\"async\" class=\"size-large wp-image-44434\" src=\"\/wp-content\/uploads\/2021\/12\/Bild2_Ernst-Andreas-Ziegler-Foto-Junior-Uni-Anna-Schwartz-2-2-1024x683.jpg\" alt=\"\" width=\"1024\" height=\"683\" \/><span class=\"wp-caption-text\">Junior Uni-Gr\u00fcnder Prof. Dr. Ernst-Andreas Ziegler &#8211; \u00a9 Anna Schwartz\/Junior Uni<\/span><\/div>\n<p>Der Journalist, ehemalige Leiter des Presseamtes, hat als Gr\u00fcnder und Vorsitzender der Gesch\u00e4ftsf\u00fchrung des Leuchtturm-Projektes Junior-Uni Stadt und Region bundesweit in positive Schlagzeilen gebracht.<\/p>\n<p>Seine tiefe Zuneigung zu seiner Wahlheimat hat er nicht nur verbal bekundet, sondern seine Liebeserkl\u00e4rungen auch in B\u00fcchern wie \u201eLiebeserkl\u00e4rung an Wuppertal\u201c oder \u201eAuf der Suche nach der Wuppertaler Seele \u2013 Geschichten aus einer ganz besonderen Stadt\u201c verewigt. Einige der wundersch\u00f6nen Kleinode daraus haben wir u.a. jeweils in unseren Weihnachts-Print-Ausgaben ver\u00f6ffentlicht. Grund genug, beim Autor einmal nachzuhaken.<\/p>\n<p><strong>DS: Wo finden Sie eigentlich die kleinen, authentischen oft emotionalen Geschichten?<\/strong><\/p>\n<p>Ernst-Andreas Ziegler: \u201eIndem ich den Menschen zuh\u00f6re. Ich mag Menschen, interessiere mich f\u00fcr das, was sie erlebt haben und bewegt.\u201c<\/p>\n<p><strong>DS: Ihre im Born-Verlag erschienenen B\u00fccher verkaufen sich nach wie vor gut \u2013 und zwar als urspr\u00fcngliches Hardcover-Medium und nicht als Download. Worauf f\u00fchren Sie das zur\u00fcck?<\/strong><\/p>\n<p>Ernst-Andreas Ziegler: \u201cVielleicht, weil es viele kurze Geschichten sind. Nicht einschl\u00e4fernd, aber &#8211; wie viele Leserinnen und Leser meinen &#8211; gute Stimmung zum Einschlafen machend. Das freut mich.\u201c<\/p>\n<p><strong>DS: Wann d\u00fcrfen die Wuppertaler ein neues Buch mit neuen Geschichten von Ihnen erwarten?<\/strong><\/p>\n<p>Ernst-Anreas Ziegler: \u201eMal sehen, ob und wann ich nochmal loslege. Im Moment packt mich die Leidenschaft f\u00fcr die Junior Uni noch zu sehr.\u201c<\/p>\n<p><strong>\u201eTuffi und die Schwebebahn\u201c<\/strong><br \/>\nErnst-Andreas Ziegler und Marguerita Eckel<br \/>\nISBN-10: 3870930047 &#8211; ISBN-13: 978-3870930042 &#8211; Verlag: Born, J H, 1983<\/p>\n<p><strong>\u201eLiebeserkl\u00e4rung an Wuppertal\u201c<\/strong><br \/>\nISBN 10: 387093056X ISBN 13: 9783870930561 &#8211; Verlag: Born, J H, 1991<\/p>\n<p><strong>\u201eAuf der Suche nach der Wuppertaler Seele\u201c<\/strong><br \/>\nISBN 3870930780 &#8211; Verlag: Born, J H, 1996<\/p>\n<p>(pp)<\/p>\n","protected":false},"excerpt":{"rendered":"<p>Prof. Dr. Ernst-Andreas Ziegler: &#8222;Ich interessiere mich f\u00fcr Menschen und deren Geschichten.&#8220; Der Journalist und Buchautor schrieb auch als Gr\u00fcnder und Gesch\u00e4ftsf\u00fchrer der Junior Uni Geschichte.\u00a0Prof. Dr. Ernst-Andreas Ziegler, geboren in Weimar und aufgewachsen in der Pfalz, ist seit 50 Jahren Wuppertaler mit Leib und Seele.<\/p>\n","protected":false},"author":7,"featured_media":18745,"comment_status":"open","ping_status":"open","sticky":false,"template":"","format":"standard","meta":{"footnotes":""},"categories":[29],"tags":[5489,49,5488],"class_list":["post-18747","post","type-post","status-publish","format-standard","hentry","category-kultur","tag-bornverlag","tag-junior-uni","tag-prof-dr-ernstandreas-ziegler"],"publishpress_future_action":{"enabled":false,"date":"2026-05-06 03:33:31","action":"change-status","newStatus":"draft","terms":[],"taxonomy":"category","extraData":[]},"publishpress_future_workflow_manual_trigger":{"enabledWorkflows":[]},"_links":{"self":[{"href":"https:\/\/www.die-stadtzeitung.de\/index.php\/wp-json\/wp\/v2\/posts\/18747","targetHints":{"allow":["GET"]}}],"collection":[{"href":"https:\/\/www.die-stadtzeitung.de\/index.php\/wp-json\/wp\/v2\/posts"}],"about":[{"href":"https:\/\/www.die-stadtzeitung.de\/index.php\/wp-json\/wp\/v2\/types\/post"}],"author":[{"embeddable":true,"href":"https:\/\/www.die-stadtzeitung.de\/index.php\/wp-json\/wp\/v2\/users\/7"}],"replies":[{"embeddable":true,"href":"https:\/\/www.die-stadtzeitung.de\/index.php\/wp-json\/wp\/v2\/comments?post=18747"}],"version-history":[{"count":1,"href":"https:\/\/www.die-stadtzeitung.de\/index.php\/wp-json\/wp\/v2\/posts\/18747\/revisions"}],"predecessor-version":[{"id":58929,"href":"https:\/\/www.die-stadtzeitung.de\/index.php\/wp-json\/wp\/v2\/posts\/18747\/revisions\/58929"}],"wp:featuredmedia":[{"embeddable":true,"href":"https:\/\/www.die-stadtzeitung.de\/index.php\/wp-json\/wp\/v2\/media\/18745"}],"wp:attachment":[{"href":"https:\/\/www.die-stadtzeitung.de\/index.php\/wp-json\/wp\/v2\/media?parent=18747"}],"wp:term":[{"taxonomy":"category","embeddable":true,"href":"https:\/\/www.die-stadtzeitung.de\/index.php\/wp-json\/wp\/v2\/categories?post=18747"},{"taxonomy":"post_tag","embeddable":true,"href":"https:\/\/www.die-stadtzeitung.de\/index.php\/wp-json\/wp\/v2\/tags?post=18747"}],"curies":[{"name":"wp","href":"https:\/\/api.w.org\/{rel}","templated":true}]}}