{"id":18699,"date":"2018-01-11T08:12:13","date_gmt":"2018-01-11T07:12:13","guid":{"rendered":"http:\/\/192.168.10.16\/newsportal\/stadtzeitung\/index.php\/2018\/01\/11\/ihk-neujahrsempfang-wir-muessen-jung-bleiben\/"},"modified":"2022-01-29T17:11:21","modified_gmt":"2022-01-29T16:11:21","slug":"ihk-neujahrsempfang-wir-muessen-jung-bleiben","status":"publish","type":"post","link":"https:\/\/www.die-stadtzeitung.de\/index.php\/2018\/01\/11\/ihk-neujahrsempfang-wir-muessen-jung-bleiben\/","title":{"rendered":"IHK Neujahrsempfang: Wir m\u00fcssen jung bleiben"},"content":{"rendered":"<div id=\"attachment_48401\" class=\"wp-caption alignnone\" style=\"max-width: 902px;\"><img loading=\"lazy\" decoding=\"async\" class=\" wp-image-48401\" src=\"\/wp-content\/uploads\/2018\/01\/meyer-thomas-data-2.jpeg\" alt=\"\" width=\"892\" height=\"768\" \/><span class=\"wp-caption-text\">Thomas Meyer, IHK-Pr\u00e4siden Bergisch Land &#8211; \u00a9 Thomas Meyer<\/span><\/div>\n<p>Stabilit\u00e4t und Leistungsst\u00e4rke zeichnen die heimischen Wirtschaftsunternehmen trotz einiger weltpolitischer Wirren im vergangenen Jahr aus. Allerdings bildet NRW unter den Bundesl\u00e4ndern in wichtigen Bereichen wie Wirtschaft und Bildung das Schlusslicht. Diese Tatsache konnte und wollte IHK-Pr\u00e4sident Thomas Meyer beim Neujahrsempfang in der Historischen Wuppertaler Stadthalle nicht ausklammern. \u201eW\u00e4hrend das Jahr 2017 f\u00fcr die deutsche Wirtschaft ein sehr gutes Jahr war, liegt Nordrhein-Westfalen seit Jahren bei Wachstum und Besch\u00e4ftigung unter dem Bundesdurchschnitt. Damit darf sich die neue Landesregierung jedoch nicht abfinden\u201c, so Meyer. Mit Wirtschaftsminister Prof. Andreas Pinkwart (FDP) hatte er f\u00fcr seine 1.200 G\u00e4ste einen hochkompetenten Gastredner eingeladen, der den brennenden Fragen dann auch nicht auswich.<\/p>\n<p>Einigkeit bestand bei allen herausragenden Themen. So sprach Pinkwart sogleich die Themen Digitalisierung, Globalisierung und Neo-\u00d6kologie (Nachhaltigkeit) sowie die begrenzten Ressourcen als gro\u00dfe Herausforderung an. \u201eDie Welt wird schneller, wir m\u00fcssen jung bleiben\u201c, rief er den Besuchern zu und spielte damit auch auf den dramatischen Fachkr\u00e4ftemangel an. Entwicklungen im Zuge der Digitalisierung verliefen mit exponentiellem Wachstum, denn mittlerweile kommunizierten Maschinen mit Maschinen.<\/p>\n<p>Er versprach en Ausbau der Infrastrukturen und den Abbau von B\u00fcrokratien in vielen Bereichen. Es k\u00f6nne nicht sein, dass notwendige Investitionen an hausgemachten b\u00fcrokratischen H\u00fcrden scheiterten, sagte Pinkwart und forderte auch die Unternehmer auf, jetzt zu investieren. Das Thema Bildung spielte f\u00fcr ihn eine besondere Rolle. Hier sprach er sich f\u00fcr den Leistungsgedanken aus, Kinder wollten n\u00e4mlich gute Noten und nicht in einem Mittelmass verschwinden. Auch in den Universit\u00e4ten m\u00fcsse man aus dem Elfenbein heraus von der Theorie in die Praxis. Die Industrie habe in der Grundlagenforschung bereits einen Vorsprung von zentraler Bedeutung.<\/p>\n<p>Als Unding sieht Pinkwart den Anteil des Strompreises f\u00fcr Erzeugung mit 25 v.H, Der Rest gehe f\u00fcr Netzkosten und Steuern drauf. \u00c4hnlich schlimm sieht er die Subvention f\u00fcr die Steinkohle, die sich von einst 5 Mrd. auf nunmehr 25 Mrd. entwickelt habe. \u201eSo kann man keine Energiepolitik machen\u201c, sagte er. Sein Pl\u00e4doyer geht in Richtung erneuerbare Energie und forderte auch f\u00fcr das bergische St\u00e4dtedreieck mehr Photovoltaikanlagen. F\u00fcr den Ausbau der Glasfasernetze zur Breitbandverf\u00fcgbarkeit wolle man 7 Mrd. in die Hand nehmen, denn das Kupferzeitalter sei vorbei.<\/p>\n<p>Mehr zum Thema in unserer n\u00e4chsten Printausgabe.<\/p>\n<p><strong>Text: Siegfried J\u00e4hne<\/strong><\/p>\n<p>&nbsp;<\/p>\n","protected":false},"excerpt":{"rendered":"<p>Beim Neujahrsempfang der IHK Wuppertal Solingen Remscheid erkl\u00e4rte NRW-Wirtschaftsminister Andreas Pinkwart (FDP): \u201eDie Welt wird schneller, wir m\u00fcssen jung bleiben\u201c.<\/p>\n","protected":false},"author":7,"featured_media":18698,"comment_status":"open","ping_status":"closed","sticky":false,"template":"","format":"standard","meta":{"footnotes":""},"categories":[26],"tags":[1852,5470],"class_list":["post-18699","post","type-post","status-publish","format-standard","hentry","category-politik","tag-ihk-wuppertalsolingenremscheid","tag-prof-andreas-pinkwart"],"publishpress_future_action":{"enabled":false,"date":"2026-05-05 19:55:32","action":"change-status","newStatus":"draft","terms":[],"taxonomy":"category","extraData":[]},"publishpress_future_workflow_manual_trigger":{"enabledWorkflows":[]},"_links":{"self":[{"href":"https:\/\/www.die-stadtzeitung.de\/index.php\/wp-json\/wp\/v2\/posts\/18699","targetHints":{"allow":["GET"]}}],"collection":[{"href":"https:\/\/www.die-stadtzeitung.de\/index.php\/wp-json\/wp\/v2\/posts"}],"about":[{"href":"https:\/\/www.die-stadtzeitung.de\/index.php\/wp-json\/wp\/v2\/types\/post"}],"author":[{"embeddable":true,"href":"https:\/\/www.die-stadtzeitung.de\/index.php\/wp-json\/wp\/v2\/users\/7"}],"replies":[{"embeddable":true,"href":"https:\/\/www.die-stadtzeitung.de\/index.php\/wp-json\/wp\/v2\/comments?post=18699"}],"version-history":[{"count":2,"href":"https:\/\/www.die-stadtzeitung.de\/index.php\/wp-json\/wp\/v2\/posts\/18699\/revisions"}],"predecessor-version":[{"id":48402,"href":"https:\/\/www.die-stadtzeitung.de\/index.php\/wp-json\/wp\/v2\/posts\/18699\/revisions\/48402"}],"wp:featuredmedia":[{"embeddable":true,"href":"https:\/\/www.die-stadtzeitung.de\/index.php\/wp-json\/wp\/v2\/media\/18698"}],"wp:attachment":[{"href":"https:\/\/www.die-stadtzeitung.de\/index.php\/wp-json\/wp\/v2\/media?parent=18699"}],"wp:term":[{"taxonomy":"category","embeddable":true,"href":"https:\/\/www.die-stadtzeitung.de\/index.php\/wp-json\/wp\/v2\/categories?post=18699"},{"taxonomy":"post_tag","embeddable":true,"href":"https:\/\/www.die-stadtzeitung.de\/index.php\/wp-json\/wp\/v2\/tags?post=18699"}],"curies":[{"name":"wp","href":"https:\/\/api.w.org\/{rel}","templated":true}]}}