{"id":18472,"date":"2017-12-19T10:43:08","date_gmt":"2017-12-19T09:43:08","guid":{"rendered":"http:\/\/192.168.10.16\/newsportal\/stadtzeitung\/index.php\/2017\/12\/19\/wiederwahl-von-matthias-nocke\/"},"modified":"2023-04-11T15:15:05","modified_gmt":"2023-04-11T13:15:05","slug":"wiederwahl-von-matthias-nocke","status":"publish","type":"post","link":"https:\/\/www.die-stadtzeitung.de\/index.php\/2017\/12\/19\/wiederwahl-von-matthias-nocke\/","title":{"rendered":"Wiederwahl von Kulturdezernent Matthias Nocke"},"content":{"rendered":"<div id=\"attachment_48468\" class=\"wp-caption alignnone\" style=\"max-width: 677px;\"><img loading=\"lazy\" decoding=\"async\" class=\"size-full wp-image-48468\" src=\"\/wp-content\/uploads\/2020\/01\/2014_matthias_nocke_03a-2.jpg\" alt=\"\" width=\"667\" height=\"563\" \/><span class=\"wp-caption-text\">Matthias Nocke &#8211; \u00a9 Stadt Wuppertal<\/span><\/div>\n<div class=\"intro\">\n<p>Matthias Nocke ist seit 2010 Dezernent der Wuppertaler Stadtverwaltung. In NRW werden Dezernenten vom Stadtrat f\u00fcr acht Jahre gew\u00e4hlt. Nach Ablauf dieser acht Jahre scheiden Sie aus dem Dienst aus oder m\u00fcssen sich erneut zur Wahl stellen. Matthias Nocke ist jetzt f\u00fcr weitere acht Jahre gew\u00e4hlt worden.<\/p>\n<\/div>\n","protected":false},"excerpt":{"rendered":"<p>Am gestrigen Montag wurde Matthias Nocke (CDU), Dezernet f\u00fcr Kultur und Sport &#038; Sicherheit und Ordnung, wiedergew\u00e4hlt. Der 55-J\u00e4hrige erhielt in geheimer Wahl des Stadtrats eine deutliche Mehrheit der Stadtverordneten.<\/p>\n","protected":false},"author":17,"featured_media":18470,"comment_status":"open","ping_status":"open","sticky":false,"template":"","format":"standard","meta":{"footnotes":""},"categories":[24],"tags":[205,1796,445,210],"class_list":["post-18472","post","type-post","status-publish","format-standard","hentry","category-wuppertal","tag-cdu","tag-matthias-nocke","tag-stadt-wuppertal","tag-wahlen"],"publishpress_future_action":{"enabled":false,"date":"2026-05-09 01:02:10","action":"change-status","newStatus":"draft","terms":[],"taxonomy":"category","extraData":[]},"publishpress_future_workflow_manual_trigger":{"enabledWorkflows":[]},"_links":{"self":[{"href":"https:\/\/www.die-stadtzeitung.de\/index.php\/wp-json\/wp\/v2\/posts\/18472","targetHints":{"allow":["GET"]}}],"collection":[{"href":"https:\/\/www.die-stadtzeitung.de\/index.php\/wp-json\/wp\/v2\/posts"}],"about":[{"href":"https:\/\/www.die-stadtzeitung.de\/index.php\/wp-json\/wp\/v2\/types\/post"}],"author":[{"embeddable":true,"href":"https:\/\/www.die-stadtzeitung.de\/index.php\/wp-json\/wp\/v2\/users\/17"}],"replies":[{"embeddable":true,"href":"https:\/\/www.die-stadtzeitung.de\/index.php\/wp-json\/wp\/v2\/comments?post=18472"}],"version-history":[{"count":2,"href":"https:\/\/www.die-stadtzeitung.de\/index.php\/wp-json\/wp\/v2\/posts\/18472\/revisions"}],"predecessor-version":[{"id":64362,"href":"https:\/\/www.die-stadtzeitung.de\/index.php\/wp-json\/wp\/v2\/posts\/18472\/revisions\/64362"}],"wp:featuredmedia":[{"embeddable":true,"href":"https:\/\/www.die-stadtzeitung.de\/index.php\/wp-json\/wp\/v2\/media\/18470"}],"wp:attachment":[{"href":"https:\/\/www.die-stadtzeitung.de\/index.php\/wp-json\/wp\/v2\/media?parent=18472"}],"wp:term":[{"taxonomy":"category","embeddable":true,"href":"https:\/\/www.die-stadtzeitung.de\/index.php\/wp-json\/wp\/v2\/categories?post=18472"},{"taxonomy":"post_tag","embeddable":true,"href":"https:\/\/www.die-stadtzeitung.de\/index.php\/wp-json\/wp\/v2\/tags?post=18472"}],"curies":[{"name":"wp","href":"https:\/\/api.w.org\/{rel}","templated":true}]}}