{"id":18310,"date":"2017-11-12T08:47:04","date_gmt":"2017-11-12T07:47:04","guid":{"rendered":"http:\/\/192.168.10.16\/newsportal\/stadtzeitung\/?p=18310"},"modified":"2022-08-09T13:00:11","modified_gmt":"2022-08-09T11:00:11","slug":"prof-lambert-t-koch-ein-bodenstaendiger-ueberflieger","status":"publish","type":"post","link":"https:\/\/www.die-stadtzeitung.de\/index.php\/2017\/11\/12\/prof-lambert-t-koch-ein-bodenstaendiger-ueberflieger\/","title":{"rendered":"Prof. Lambert T. Koch: Ein bodenst\u00e4ndiger \u00dcberflieger"},"content":{"rendered":"<div id=\"attachment_45292\" class=\"wp-caption alignnone\" style=\"max-width: 1034px;\"><img loading=\"lazy\" decoding=\"async\" class=\"size-large wp-image-45292\" src=\"\/wp-content\/uploads\/2015\/04\/IMG_8390_a-1024x683.jpg\" alt=\"\" width=\"1024\" height=\"683\" \/><span class=\"wp-caption-text\">Uni-Rektor Prof. Dr. Lambert T. Koch &#8211; \u00a9 Dirk Sengotta<\/span><\/div>\n<p>Sein Aufstieg war rasant. Zum dritten Mal ist Prof. Dr. Lambert Koch bereits ganz oben im Rektorenranking des Hochschulverbandes. Was hinter dem Erfolg steckt und wie der Wirtschaftswissenschaftler und Uni-Rektor ganz privat ist &#8211; wir gingen der Sache wie Forscher auf den Grund.<\/p>\n<p>Das Rektorzimmer an der Bergischen Universit\u00e4t -gro\u00df, ger\u00e4umig und mit Licht durchflutet. Hier sitzt er, Prof. Dr. Lambert T. Koch, geb\u00fcrtiger Hesse, leidenschaftlicher Musiker und seit 2008 Rektor der Bergischen Universit\u00e4t. Vor ihm eine dampfende Tasse. Im Raum ein w\u00fcrziger, leicht scharfer Duft. Prof. Koch trinkt hei\u00dfes Wasser mit Ingwer.<\/p>\n<p>Geboren im kleinsten St\u00e4dtchen von Hessen, Hering bei Darmstadt, studierte Koch in Mainz und W\u00fcrzburg Wirtschaftswissenschaften und habilitierte an der Friedrich-Schiller-Universit\u00e4t in Jena. An seine Zeit als Student erinnert sich Prof. Koch gerne zur\u00fcck: \u201eBesonders sch\u00f6n fand ich immer die Gemeinschaft und das kulturelle Leben rund um die Uni\u201c.<\/p>\n<p>Dazu engagierte er sich schon damals ehrenamtlich, wie in der Jugendarbeit und der Kirchenmusik. Vor 18 Jahren f\u00fchrte es ihn dann nach Wuppertal, und er wurde zum f\u00fcnften Rektor der Bergischen Universit\u00e4t. \u201eEigentlich habe ich es nie angestrebt, Rektor zu werden\u201c, verr\u00e4t Professor Koch. Vielmehr sei er von Kollegen auf die Idee gebracht worden. \u201eAber ich bereue es nicht, dass es so gekommen ist\u201c.<\/p>\n<p>Heute sitzt er in seinem Rektorb\u00fcro. Zur\u00fcckgelehnt in seinem Stuhl, ein Bein \u00fcber das andere geschlagen, blickt er aus dem gro\u00dfen Panoramafenster aufs Tal. Angekommen ist er in Wuppertal schon lange. Wie seine Uni ist auch er fest verwurzelt mit der Stadt \u2013 weg m\u00f6chte er hier nicht mehr so schnell. \u201eMir gef\u00e4llt besonders das Gr\u00fcn und die Kessellage. Das erinnert mich an meine Heimat W\u00fcrzburg\u201c, sagt Prof. Koch w\u00e4hrend er durch seine rahmenlose Brille aus dem Fenster schaut. \u201eWas hier die W\u00e4lder sind, sind dort die Weinberge\u201c.<\/p>\n<p><strong>Mehr sein als Schein<\/strong><\/p>\n<p>F\u00fcr den Rektor gilt dasselbe wie f\u00fcr seine Uni: \u201eMehr Sein als Schein\u201c. Prof. Koch scheint es \u00fcberhaupt nicht wichtig zu sein, was er ist, sondern viel mehr, was er tut. Vor allem, weil Prof. Dr. Lambert T. Koch mit seinen 52 Jahren eine gewisse Jugendlichkeit ausstrahlt, anstatt das typische Bild eines erhabenen Universit\u00e4ts-Rektors abzugeben. Ebenso, weil er bodenst\u00e4ndig und v\u00f6llig ohne jede Extravaganz und Arroganz wirkt \u2013 vielleicht bis auf das T. im Vornamen, das f\u00fcr Tobias steht. Dabei hat man das Gef\u00fchl, dass ihm das viele Lob und die Auszeichnungen zum Rektor des Jahres eher unangenehm sind, \u201eaber nat\u00fcrlich freut es einen pers\u00f6nlich schon\u201c, versichert er mit verschmitztem L\u00e4cheln. Die ganze Ehre und der Rummel lassen Koch aber nicht \u00fcberheblich werden \u2013 im Gegenteil. Stolz ist er nur, wenn es um seine drei S\u00f6hne geht.<\/p>\n<p><strong>\u201eIch h\u00e4tte damals beinahe Musik studiert\u201c<\/strong><\/p>\n<p>Eine Herzensangelegenheit von Rektor Koch: das Musizieren. Seit seiner Jugend sitzt er am Klavierfl\u00fcgel. \u201eIch h\u00e4tte damals beinahe Musik studiert\u201c, verr\u00e4t Prof. Koch, \u201eaber ich glaube ich h\u00e4tte nicht den Flei\u00df gehabt, jeden Tag acht Stunden lang zu \u00fcben.\u201c Musik hat er zwar nicht studiert, Geld verdient hat er damit trotzdem: \u201eIch habe w\u00e4hrend meines Studiums in Kaufh\u00e4usern Klavier gespielt\u201c. Heute spielt der 52-J\u00e4hrige fast nur noch privat \u2013 am liebsten St\u00fccke von Bach und Chopin.<\/p>\n<p>Seit er in Wuppertal wohnt, hat Prof. Koch auch ein neues Hobby f\u00fcr sich entdeckt: Doppelkopf. Das beliebte Kartenspiel lernte er erst hier kennen. \u201eIn S\u00fcddeutschland gibt es das gar nicht \u2013 da gibt es nur Schafskopf\u201c, erkl\u00e4rt Koch. Mit seiner Doppelkopfrunde trifft sich Koch alle paar Monate. Dieses Spiel scheint es f\u00fcr Lambert T. Koch in sich zu haben, denn der sonst so bescheidene Uni-Rektor gibt lachend zu: \u201eBei diesem Spiel gewinne ich auch gerne mal\u201c.<\/p>\n<p>Als Uni Rektor hat er nicht nur eine repr\u00e4sentative Aufgabe. \u201eDie Repr\u00e4sentation macht nur ungef\u00e4hr 30 Prozent meiner Arbeit aus\u201c, so Koch. Vielmehr organisiert und strukturiert er die Universit\u00e4t. Wenn er auf dem Campus unterwegs ist, steht er gerne in direktem Austausch mit den Mitarbeitern der Bergischen Universit\u00e4t. Mit seinen Kollegen entwickelt er Strategien, setzt gemeinsam mit Fakult\u00e4tsleitern Schwerpunkte und optimiert das Uniprofil. Bei seiner Arbeit schaut Prof. Koch nicht stur geradeaus, sondern gerne auch links und rechts: \u201eGemeinsam auf dem Weg zu sein, ist mir sehr wichtig\u201c.<\/p>\n<p><strong>Ein kleiner Wermutstropfen bleibt<\/strong><\/p>\n<p>Zur\u00fcck in seinem B\u00fcro wartet dann ein gro\u00dfer Stapel Papierkram auf seinem Schreibtisch. Denn genauso wie die Arbeit nach innen, geh\u00f6rt nat\u00fcrlich auch das Verhandeln mit Geldgebern, wie dem Bundesland oder dem Bund dazu. Das bedeutet f\u00fcr Professor Koch Antr\u00e4ge schreiben und mit den einflussreichen Menschen der Region sprechen. Wenn dann der Kopf nach einem langen Tag anf\u00e4ngt zu rauchen, schwingt sich der sportliche Professor gerne in seine Laufschuhe und dreht eine Runde durch die W\u00e4lder auf Wuppertals H\u00f6hen. \u201eFr\u00fcher bin ich auch Marathon gelaufen. Das machen meine Knie jetzt aber nicht mehr mit\u201c, sagt Koch schmunzelnd.<\/p>\n<p>So abwechslungsreich und aufregend der Job als Uni Rektor auch sein mag, ein Wermutstropfen bleibt f\u00fcr Prof. Koch: \u201eIch vermisse es, im H\u00f6rsaal zu stehen. Ich habe immer sehr gerne unterrichtet.\u201c Deshalb versucht er neben seinen Aufgaben als Uni-Rektor immer mal wieder etwas aus seinem eigenen Fach, den Wirtschaftswissenschaften, aufzunehmen. \u201eIch m\u00f6chte ja auch noch mitsprechen k\u00f6nnen\u201c, sagt Koch. Was das Unterrichten betrifft, hat er sich eins vorgenommen: \u201eIch versuche zwei Mal im Jahr, jeweils drei Tage, an einer ausl\u00e4ndischen Uni ein Seminar zu geben\u201c.<\/p>\n<p>Ein voller Terminkalender bedeutet nat\u00fcrlich auch weniger Zeit mit der Familie, am Abend oder am Wochenende. \u201eDas fehlt einem schon\u201c, bedauert Prof. Koch. Wenn dann aber die Zeit bleibt, reist der dreifache Vater gerne mit seiner Familie zusammen: \u201eAm liebsten bin ich auf einer sch\u00f6nen Terrasse, mit einem Weinchen und einheimischem Essen und sehe den Sonnenuntergang \u00fcber dem Meer \u2013 dann bin ich gl\u00fccklich.\u201c<\/p>\n<p>Mit seiner Familie w\u00fcrde er gerne einmal die National Parks im Westen der USA bereisen. Seine Reiseplanung macht er nach M\u00f6glichkeit flexibel und spontan: \u201eWenn es irgendwo sch\u00f6n ist, bleibe ich auch gerne einen oder zwei Tage l\u00e4nger und reise dann erst weiter.\u201c<\/p>\n<p><strong>Text: Nina Gottwald<\/strong><\/p>\n","protected":false},"excerpt":{"rendered":"<p>Prof. Dr. Lambert T. Koch ist ein bodenst\u00e4ndiger \u00dcberflieger. Der Rektor der Bergischen Uni hat sich \u00fcber Deutschland hinaus einen Namen gemacht.<\/p>\n","protected":false},"author":7,"featured_media":18308,"comment_status":"open","ping_status":"open","sticky":false,"template":"","format":"standard","meta":{"footnotes":""},"categories":[27],"tags":[1780,3482,2145],"class_list":["post-18310","post","type-post","status-publish","format-standard","hentry","category-wissen","tag-bergische-universitaet","tag-prof-dr-lambert-t-koch","tag-unirektor"],"publishpress_future_action":{"enabled":false,"date":"2026-05-07 23:17:02","action":"change-status","newStatus":"draft","terms":[],"taxonomy":"category","extraData":[]},"publishpress_future_workflow_manual_trigger":{"enabledWorkflows":[]},"_links":{"self":[{"href":"https:\/\/www.die-stadtzeitung.de\/index.php\/wp-json\/wp\/v2\/posts\/18310","targetHints":{"allow":["GET"]}}],"collection":[{"href":"https:\/\/www.die-stadtzeitung.de\/index.php\/wp-json\/wp\/v2\/posts"}],"about":[{"href":"https:\/\/www.die-stadtzeitung.de\/index.php\/wp-json\/wp\/v2\/types\/post"}],"author":[{"embeddable":true,"href":"https:\/\/www.die-stadtzeitung.de\/index.php\/wp-json\/wp\/v2\/users\/7"}],"replies":[{"embeddable":true,"href":"https:\/\/www.die-stadtzeitung.de\/index.php\/wp-json\/wp\/v2\/comments?post=18310"}],"version-history":[{"count":2,"href":"https:\/\/www.die-stadtzeitung.de\/index.php\/wp-json\/wp\/v2\/posts\/18310\/revisions"}],"predecessor-version":[{"id":54196,"href":"https:\/\/www.die-stadtzeitung.de\/index.php\/wp-json\/wp\/v2\/posts\/18310\/revisions\/54196"}],"wp:featuredmedia":[{"embeddable":true,"href":"https:\/\/www.die-stadtzeitung.de\/index.php\/wp-json\/wp\/v2\/media\/18308"}],"wp:attachment":[{"href":"https:\/\/www.die-stadtzeitung.de\/index.php\/wp-json\/wp\/v2\/media?parent=18310"}],"wp:term":[{"taxonomy":"category","embeddable":true,"href":"https:\/\/www.die-stadtzeitung.de\/index.php\/wp-json\/wp\/v2\/categories?post=18310"},{"taxonomy":"post_tag","embeddable":true,"href":"https:\/\/www.die-stadtzeitung.de\/index.php\/wp-json\/wp\/v2\/tags?post=18310"}],"curies":[{"name":"wp","href":"https:\/\/api.w.org\/{rel}","templated":true}]}}