{"id":18283,"date":"2017-12-07T11:41:23","date_gmt":"2017-12-07T10:41:23","guid":{"rendered":"http:\/\/192.168.10.16\/newsportal\/stadtzeitung\/index.php\/2017\/12\/07\/online-city-wuppertal-startet-mit-f-o-r-u-m-neu-durch\/"},"modified":"2017-12-07T11:41:23","modified_gmt":"2017-12-07T10:41:23","slug":"online-city-wuppertal-startet-mit-f-o-r-u-m-neu-durch","status":"publish","type":"post","link":"https:\/\/www.die-stadtzeitung.de\/index.php\/2017\/12\/07\/online-city-wuppertal-startet-mit-f-o-r-u-m-neu-durch\/","title":{"rendered":"Online City Wuppertal startet mit F.O.R.U.M neu durch"},"content":{"rendered":"<p><img loading=\"lazy\" decoding=\"async\" class=\" size-full wp-image-18282\" src=\"https:\/\/www.die-stadtzeitung.de\/wp-content\/uploads\/2017\/12\/c8431170e6fb7551077b59033a613c4f.jpg\" alt=\"Foto: talMARKT e.V.\/Stoltz\" width=\"770\" height=\"406\" \/><\/p>\n<p>Das bundesweite Pilotprojekt Online City Wuppertal f\u00e4hrt fort. Die beteiligten H\u00e4ndler haben sich in einem Verein zusammengeschlossen, und gemeinsam mit der Wirtschaftsf\u00f6rderung und weiteren Partnern bekommt das Netzwerk nun mit Landesf\u00f6rdermitteln die M\u00f6glichkeit, das Multi-Channel-Projekt innerhalb der n\u00e4chsten zwei Jahre weiter nach vorne zu bringen und es lokal bekannter zu machen.&nbsp;<\/p>\n<p>  <!--more-->  <\/p>\n<p><strong>Wuppertal, 07. Dezember 2017:<\/strong> F\u00fcr die n\u00e4chsten zwei Jahre stehen insgesamt rund 350.000 Euro zur Verf\u00fcgung, um das Projekt Online City Wuppertal weiterzuentwickeln. Dabei kommen 50 Prozent des Geldes vom Land, die andere H\u00e4lfte kommt von den Projektpartnern.<\/p>\n<p>Infos: <a href=\"http:\/\/www.wf-wuppertal.de\">www.wf-wuppertal.de<\/a>&nbsp;<\/p>\n<p>&nbsp;<\/p>\n","protected":false},"excerpt":{"rendered":"<p>Das bundesweite Pilotprojekt Online City Wuppertal f\u00e4hrt fort. Die beteiligten H\u00e4ndler haben sich in einem Verein zusammengeschlossen, und gemeinsam mit der Wirtschaftsf\u00f6rderung und weiteren Partnern bekommt das Netzwerk nun mit Landesf\u00f6rdermitteln die M\u00f6glichkeit, das Multi-Channel-Projekt innerhalb der n\u00e4chsten zwei Jahre weiter nach vorne zu bringen und es lokal bekannter zu machen.&nbsp;<\/p>\n","protected":false},"author":22,"featured_media":18282,"comment_status":"open","ping_status":"closed","sticky":false,"template":"","format":"standard","meta":{"footnotes":""},"categories":[21],"tags":[978,1803,5362,967,336],"class_list":["post-18283","post","type-post","status-publish","format-standard","hentry","category-news-startseite","tag-onlinecity-wuppertal","tag-projekte","tag-projektfoerderung","tag-stadt","tag-wuppertal"],"publishpress_future_action":{"enabled":false,"date":"2026-05-05 02:37:07","action":"change-status","newStatus":"draft","terms":[],"taxonomy":"category","extraData":[]},"publishpress_future_workflow_manual_trigger":{"enabledWorkflows":[]},"_links":{"self":[{"href":"https:\/\/www.die-stadtzeitung.de\/index.php\/wp-json\/wp\/v2\/posts\/18283","targetHints":{"allow":["GET"]}}],"collection":[{"href":"https:\/\/www.die-stadtzeitung.de\/index.php\/wp-json\/wp\/v2\/posts"}],"about":[{"href":"https:\/\/www.die-stadtzeitung.de\/index.php\/wp-json\/wp\/v2\/types\/post"}],"author":[{"embeddable":true,"href":"https:\/\/www.die-stadtzeitung.de\/index.php\/wp-json\/wp\/v2\/users\/22"}],"replies":[{"embeddable":true,"href":"https:\/\/www.die-stadtzeitung.de\/index.php\/wp-json\/wp\/v2\/comments?post=18283"}],"version-history":[{"count":0,"href":"https:\/\/www.die-stadtzeitung.de\/index.php\/wp-json\/wp\/v2\/posts\/18283\/revisions"}],"wp:featuredmedia":[{"embeddable":true,"href":"https:\/\/www.die-stadtzeitung.de\/index.php\/wp-json\/wp\/v2\/media\/18282"}],"wp:attachment":[{"href":"https:\/\/www.die-stadtzeitung.de\/index.php\/wp-json\/wp\/v2\/media?parent=18283"}],"wp:term":[{"taxonomy":"category","embeddable":true,"href":"https:\/\/www.die-stadtzeitung.de\/index.php\/wp-json\/wp\/v2\/categories?post=18283"},{"taxonomy":"post_tag","embeddable":true,"href":"https:\/\/www.die-stadtzeitung.de\/index.php\/wp-json\/wp\/v2\/tags?post=18283"}],"curies":[{"name":"wp","href":"https:\/\/api.w.org\/{rel}","templated":true}]}}