{"id":17492,"date":"2016-02-18T21:24:52","date_gmt":"2016-02-18T20:24:52","guid":{"rendered":"http:\/\/192.168.10.16\/newsportal\/stadtzeitung\/index.php\/2017\/10\/18\/sparkassen-talk-schmadtke-sieht-mediale-hexenjagd\/"},"modified":"2022-01-31T18:09:17","modified_gmt":"2022-01-31T17:09:17","slug":"sparkassen-talk-schmadtke-sieht-mediale-hexenjagd","status":"publish","type":"post","link":"https:\/\/www.die-stadtzeitung.de\/index.php\/2016\/02\/18\/sparkassen-talk-schmadtke-sieht-mediale-hexenjagd\/","title":{"rendered":"Sparkassen-Talk: Schmadtke sieht mediale Hexenjagd"},"content":{"rendered":"<p>&nbsp;<\/p>\n<p>Aktuell ist Schmadtke f\u00fcr viele K\u00f6lner Fussball-Fans der Buhmann, der f\u00fcr den unglaubliche schlechten Saisonstart der \u201eGei\u00dfb\u00f6cke\u201c verantwortlich gemacht wird. Aus acht Spielen holte der Europa League-Teilnehmer in der Bundesliga erst einen Punkt und belegt derzeit nur den letzten Tabellenplatz.<\/p>\n<p>Die Folge, eine mediale Hexenjagd, wie er es sieht, f\u00fcr viele in K\u00f6ln sei er der meist gehasste Mann. Das Wuppertaler Publikum spendete ihm bei seinem Auftritt in der Sparkasse indes reichlich Beifall. Schmadtke machte eine gute Figur, das sahen nicht nur die Anwesenden Vertreter des Wuppertaler SV, die Vorstandsmitglieder St\u00fccker und B\u00f6lstler, so. Moderator Lindemann hatte dem Manager in gewohnt gekonnter Manier 90 Minuten lang in allen denkbaren Facetten auf den Zahn gef\u00fchlt. Schmadtke zeigte sich ruhig und besonnen, aber auch schlagfertig und oft auch witzig. Etwa wenn er \u00fcber die Rolle seiner Frau (\u201ehat keine Ahnung vom Fu\u00dfball, und dass ist gut so, ich brauche zu Hause keine Pseudo-Experten\u201c) sprach&#8230;<\/p>\n<p>Macht sich die Kritik vor allem an der Transferpolitik fest, so gesteht er Fehler durchaus ein (\u201edie Transfers haben nicht gegriffen\u201c), nannte aber auch ein Leistungstief, Verletzungen und Pech mit Schiedsrichter-Entscheidungen, nicht zuletzt nat\u00fcrlich den Video-Beweis, als Grund f\u00fcr das schlechte Abschneiden. Bekanntlich hatten TV-Entscheidungen den FC um Punkte gebracht, weshalb der \u201eVideobeweis\u201c in K\u00f6ln schon jetzt zum Unwort des Jahres wurde. Alle Welt wartet nat\u00fcrlich auf einen Trainerwechsel. Schmadtke bezeichtente das Verh\u00e4ltnis zu Coach Peter St\u00f6ger indessen als professionell, kameradschaftlich. Er selbst absolvierte als Torwart 266 Spiele in der Fu\u00dfball-Bundesliga (D\u00fcsseldorf, Freiburg, Leverkusen) und kassierte in seiner Laufbahn 566 Gegentore, blieb aber auch 88 Spiele\u00a0ohne Gegentreffer. Als sein wichtigstes sportliches Ziel nannte er im &#8222;Sparkassen-Sportalk&#8220;, dass der FC K\u00f6ln in der Bundesliga bleiben m\u00f6ge, daf\u00fcr w\u00fcrde er alles geben.<\/p>\n<p><strong>Text: Siegfried J\u00e4hne<\/strong><\/p>\n","protected":false},"excerpt":{"rendered":"<p>Wuppertal habe es gut mit ihm gemeint. Das sagte der leidgepr\u00fcfte Sportdirektor des 1.FC K\u00f6ln J\u00f6rg Schmadtke (53) im \u201cSparkassen-Sporttalk\u201c, der am Mittwochabend im Sparkassenhochhaus von Marcus Lindemann pr\u00e4sentiert wurde.<\/p>\n","protected":false},"author":7,"featured_media":17490,"comment_status":"open","ping_status":"closed","sticky":false,"template":"","format":"standard","meta":{"footnotes":""},"categories":[20],"tags":[5118,553,848],"class_list":["post-17492","post","type-post","status-publish","format-standard","hentry","category-sport","tag-joerg-schmadtke","tag-marcus-lindemann","tag-sparkassensporttalk"],"publishpress_future_action":{"enabled":false,"date":"2026-05-04 07:45:17","action":"change-status","newStatus":"draft","terms":[],"taxonomy":"category","extraData":[]},"publishpress_future_workflow_manual_trigger":{"enabledWorkflows":[]},"_links":{"self":[{"href":"https:\/\/www.die-stadtzeitung.de\/index.php\/wp-json\/wp\/v2\/posts\/17492","targetHints":{"allow":["GET"]}}],"collection":[{"href":"https:\/\/www.die-stadtzeitung.de\/index.php\/wp-json\/wp\/v2\/posts"}],"about":[{"href":"https:\/\/www.die-stadtzeitung.de\/index.php\/wp-json\/wp\/v2\/types\/post"}],"author":[{"embeddable":true,"href":"https:\/\/www.die-stadtzeitung.de\/index.php\/wp-json\/wp\/v2\/users\/7"}],"replies":[{"embeddable":true,"href":"https:\/\/www.die-stadtzeitung.de\/index.php\/wp-json\/wp\/v2\/comments?post=17492"}],"version-history":[{"count":2,"href":"https:\/\/www.die-stadtzeitung.de\/index.php\/wp-json\/wp\/v2\/posts\/17492\/revisions"}],"predecessor-version":[{"id":49707,"href":"https:\/\/www.die-stadtzeitung.de\/index.php\/wp-json\/wp\/v2\/posts\/17492\/revisions\/49707"}],"wp:featuredmedia":[{"embeddable":true,"href":"https:\/\/www.die-stadtzeitung.de\/index.php\/wp-json\/wp\/v2\/media\/17490"}],"wp:attachment":[{"href":"https:\/\/www.die-stadtzeitung.de\/index.php\/wp-json\/wp\/v2\/media?parent=17492"}],"wp:term":[{"taxonomy":"category","embeddable":true,"href":"https:\/\/www.die-stadtzeitung.de\/index.php\/wp-json\/wp\/v2\/categories?post=17492"},{"taxonomy":"post_tag","embeddable":true,"href":"https:\/\/www.die-stadtzeitung.de\/index.php\/wp-json\/wp\/v2\/tags?post=17492"}],"curies":[{"name":"wp","href":"https:\/\/api.w.org\/{rel}","templated":true}]}}