{"id":17395,"date":"2017-10-13T09:58:18","date_gmt":"2017-10-13T07:58:18","guid":{"rendered":"http:\/\/192.168.10.16\/newsportal\/stadtzeitung\/index.php\/2017\/10\/13\/karolin-neusel-lebt-bestattungs-tradition-weiter\/"},"modified":"2023-02-04T12:57:29","modified_gmt":"2023-02-04T11:57:29","slug":"karolin-neusel-lebt-bestattungs-tradition-weiter","status":"publish","type":"post","link":"https:\/\/www.die-stadtzeitung.de\/index.php\/2017\/10\/13\/karolin-neusel-lebt-bestattungs-tradition-weiter\/","title":{"rendered":"Karolin Neusel lebt Bestattungs-Tradition weiter"},"content":{"rendered":"<div id=\"attachment_50266\" class=\"wp-caption alignnone\" style=\"max-width: 1034px;\"><img loading=\"lazy\" decoding=\"async\" class=\"size-large wp-image-50266\" src=\"\/wp-content\/uploads\/2022\/02\/te_2021_075-2-1024x887.jpg\" alt=\"\" width=\"1024\" height=\"887\" \/><span class=\"wp-caption-text\">Barbara Neusel-Munkenbeck mit Tochter Jil Carolin &#8211; \u00a9 Neusel Bestattungen<\/span><\/div>\n<p>Keine wei\u00df das so gut wie Barbara Neusel-Munkenbeck, die das 1813 gegr\u00fcndete Bestattungs-Unternehmen erfolgreich am Leben erh\u00e4lt. \u201eMein Vater ist vor 25 Jahren gestorben. Seither hat sich die Bestattungs-Kultur total ver\u00e4ndert. Nicht was die Gesetze und Verordnungen angeht. Damals gab es 10 Prozent Feuerbestattungen, heute liegt der Anteil bei 70 Prozent.\u201c<\/p>\n<p>Und das schl\u00e4gt sich in der t\u00e4glichen Arbeit nieder. \u201eDie Dienstleistung um eine Feuerbestattung herum ist wegen des viel gr\u00f6\u00dferen Beratungsaufwands viel h\u00f6her als bei einer Erdbestattung. Es gibt beispielsweise so viele M\u00f6glichkeiten, was nach der Ein\u00e4scherung mit der Urne geschehen kann. Fr\u00fcher war der Bestatter ein Handwerker, heute ist er Dienstleister am Menschen und braucht sehr viel psychologisches Einf\u00fchlungsverm\u00f6gen. Aber gerade dieser Facetten-Reichtum fasziniert mich so an meinem Beruf.\u201c<\/p>\n<p>Inzwischen ist auch Tochter Karolin infiziert. Die 24j\u00e4hrige stieg am 01. September offiziell in den Familienbetrieb ein und wird das Unternehmen irgendwann in 9. Generation weiterf\u00fchren. Vorerst arbeitet Karolin noch Hand in Hand mit ihrer Mutter, unterst\u00fctzt von einem eingespielten Team.<\/p>\n<p>Bevor jetzt Tod und Trauer ihren beruflichen Alltag bestimmen, lernte die erfolgreiche Sport- &amp; Philosophie-Studentin das pralle Leben kennen. Sie arbeitete als Animateurin in einem Ferien-Club in Marokko. So eine Art Flucht vor der vermeintlichen Pflicht\u00fcbung, in das Familien-Unternehmen einsteigen zu m\u00fcssen?<\/p>\n<p>Karolin Neusel selbstbewusst: \u201eIch bin dem Beruf nicht bewusst ausgewichen. Ich bin aber wissbegierig und wollte erst einmal \u00fcber den Tellerrand hinaus schauen. Ich bin sowieso der Meinung, dass man mehr k\u00f6nnen sollte, als man f\u00fcr seinen Job k\u00f6nnen muss. Auf keinen Fall will ich nur als Tochter von Barbara Neusel-Munkenbeck wahrgenommen werden. Ich m\u00f6chte schon wie meine Mutter und mein Opa meine eigenen Spuren hinterlassen.\u201c<\/p>\n<p>Und die Jung-Bestatterin hat auch schon ganz klare Vorstellungen: \u201eF\u00fcr meine Mutter und f\u00fcr mich stehen immer die Angeh\u00f6rigen im Mittelpunkt, die wir in ihrer Trauer begleiten und beraten. Die Konkurrenz in unserer Branche wird immer gr\u00f6\u00dfer. Aber wir sind individuell und haben eine ganz spezielle, pers\u00f6nliche Handschrift im Umgang mit den Angeh\u00f6rigen und deren Bed\u00fcrfnissen. Das ist unser Alleinstellungsmerkmal.\u201c<\/p>\n<p>Karolin wei\u00df das ihr Beruf psychisch hohe Anforderungen an sie stellen wird: \u201eUnser technischer Leiter hat mir den Rat mit auf den Weg gegeben, nicht alles, was man sieht, mit nach Hause zu nehmen. Das versuche ich auch. Aber wenn zum Beispiel ein junger Mensch stirbt oder jemand, den man kennt, l\u00e4sst einen das auch nach Feierabend nicht los.\u201c<\/p>\n<p>Der uralte Beruf des Bestatters wird immer wieder durch neue Herausforderungen belebt. Vor 20 Jahren waren ein Geiger oder ein Gitarrist in der Friedhofs-Kapelle noch eine kleine Sensation. Heute werden ganz andere T\u00f6ne angeschlagen. Karolin Neusel: \u201eIch habe sogar schon den ziemlich harten Song \u201aAngel\u2018 von der Band \u201aRammstein\u2018 bei einer Trauerfeier eingespielt. Und einer meiner Kollegen hat den Wunsch der Angeh\u00f6rigen eines verstorbenen Rockers erf\u00fcllt und sein Motorrad neben die Urne platziert.\u201c<\/p>\n<p>Die Religion spielt bei immer weniger Bestattungen eine Haupt-Rolle. Nicht selten halten freie Trauerredner die Grab-Ansprache. Doch die Musik-Auswahl und alles Andere, was bei einer Trauer-Zeremonie ablaufen soll, muss in der Regel vom jeweiligen Pfarrer abgesegnet werden. Barbara Neusel-Munkenbeck erkl\u00e4rt: \u201eBis auf eine Trauerhalle in Ronsdorf befinden sich alle anderen Wuppertaler Friedhofskapellen in Besitz der christlichen Kirchen. Sie haben dort also Hausrecht.\u201c<\/p>\n<p>Wenn einem tagt\u00e4glich der Tod \u00fcber den Weg l\u00e4uft, kann man dann eigentlich das eigene Ende ausblenden? Barbara Neusel: \u201eNat\u00fcrlich denke ich auch an meinen eigenen Tod. Doch meine Einstellung hat sich ge\u00e4ndert: Vor 20 Jahren wollte ich in unserem Familien-Grab beigesetzt werden. Heute steht fest, dass ich auf jeden Fall feuerbestattet werden m\u00f6chte. Ich ringe aber noch mit mir, welche Art von Grab ich haben m\u00f6chte. Zeitweise habe ich \u00fcber eine Seebestattung nachgedacht. Jetzt tendiere ich aber eher f\u00fcr eine Bestattung in einem Familien-Baum.\u201c<\/p>\n<p>Egal welche Entscheidung Barbara Neusel-Munkenbeck f\u00fcr ihre eigene Bestattung f\u00e4llen wird, sie m\u00f6chte ihre Tochter und Nachfolgerin noch lange auf ihrem Berufsweg begleiten &#8211; getreu Karolins Motto: \u201eGemeinsam sind wir ein unschlagbares Team.\u201c<br \/>\nDie Neusel-Dynastie lebt weiter&#8230;<\/p>\n<p><strong>Text: Peter Pionke<\/strong><\/p>\n","protected":false},"excerpt":{"rendered":"<p>Karolin Jil Neusel belebt das Bestattungs-Unternehmen ihrer Mutter Barbara Neusel-Munkenbeck weiter. Die 24j\u00e4hrige ist jetzt in den Familienbetrieb eingestiegen.\u00a0\u201eBestatter haben immer Konjunktur\u201c, glauben viele. Und doch hat sich das Beerdigungs-Business in den letzten Jahren sehr gewandelt.<\/p>\n","protected":false},"author":7,"featured_media":17394,"comment_status":"open","ping_status":"open","sticky":false,"template":"","format":"standard","meta":{"footnotes":""},"categories":[22],"tags":[5088,5089],"class_list":["post-17395","post","type-post","status-publish","format-standard","hentry","category-wirtschaft","tag-barbara-neusenmunkenbeck","tag-neusel-bestattungen"],"publishpress_future_action":{"enabled":false,"date":"2026-05-06 21:53:49","action":"change-status","newStatus":"draft","terms":[],"taxonomy":"category","extraData":[]},"publishpress_future_workflow_manual_trigger":{"enabledWorkflows":[]},"_links":{"self":[{"href":"https:\/\/www.die-stadtzeitung.de\/index.php\/wp-json\/wp\/v2\/posts\/17395","targetHints":{"allow":["GET"]}}],"collection":[{"href":"https:\/\/www.die-stadtzeitung.de\/index.php\/wp-json\/wp\/v2\/posts"}],"about":[{"href":"https:\/\/www.die-stadtzeitung.de\/index.php\/wp-json\/wp\/v2\/types\/post"}],"author":[{"embeddable":true,"href":"https:\/\/www.die-stadtzeitung.de\/index.php\/wp-json\/wp\/v2\/users\/7"}],"replies":[{"embeddable":true,"href":"https:\/\/www.die-stadtzeitung.de\/index.php\/wp-json\/wp\/v2\/comments?post=17395"}],"version-history":[{"count":2,"href":"https:\/\/www.die-stadtzeitung.de\/index.php\/wp-json\/wp\/v2\/posts\/17395\/revisions"}],"predecessor-version":[{"id":60659,"href":"https:\/\/www.die-stadtzeitung.de\/index.php\/wp-json\/wp\/v2\/posts\/17395\/revisions\/60659"}],"wp:featuredmedia":[{"embeddable":true,"href":"https:\/\/www.die-stadtzeitung.de\/index.php\/wp-json\/wp\/v2\/media\/17394"}],"wp:attachment":[{"href":"https:\/\/www.die-stadtzeitung.de\/index.php\/wp-json\/wp\/v2\/media?parent=17395"}],"wp:term":[{"taxonomy":"category","embeddable":true,"href":"https:\/\/www.die-stadtzeitung.de\/index.php\/wp-json\/wp\/v2\/categories?post=17395"},{"taxonomy":"post_tag","embeddable":true,"href":"https:\/\/www.die-stadtzeitung.de\/index.php\/wp-json\/wp\/v2\/tags?post=17395"}],"curies":[{"name":"wp","href":"https:\/\/api.w.org\/{rel}","templated":true}]}}