{"id":16867,"date":"2017-09-11T09:15:33","date_gmt":"2017-09-11T07:15:33","guid":{"rendered":"http:\/\/192.168.10.16\/newsportal\/stadtzeitung\/index.php\/2017\/09\/11\/wahl-check-manfred-todtenhausen-fdp\/"},"modified":"2022-01-29T20:35:51","modified_gmt":"2022-01-29T19:35:51","slug":"wahl-check-manfred-todtenhausen-fdp","status":"publish","type":"post","link":"https:\/\/www.die-stadtzeitung.de\/index.php\/2017\/09\/11\/wahl-check-manfred-todtenhausen-fdp\/","title":{"rendered":"Wahl-Check: Manfred Todtenhausen (FDP)"},"content":{"rendered":"<div id=\"attachment_48418\" class=\"wp-caption alignnone\" style=\"max-width: 1034px;\"><img loading=\"lazy\" decoding=\"async\" class=\"size-large wp-image-48418\" src=\"\/wp-content\/uploads\/2017\/11\/Deutscher-Bundestag-Julia-Novak-1024x859.jpg\" alt=\"\" width=\"1024\" height=\"859\" \/><span class=\"wp-caption-text\">Manfred Todtenhausen, FDP, Mitglied Deutscher Bundestags, MdB. Portr\u00e4t\/Portrait.<\/span><\/div>\n<p>Heute kommt Manfred Todtenhausen (FDP) zu Wort.<\/p>\n<p>Beruf:<br \/>\nElektromeister<\/p>\n<p>Alter: 66<\/p>\n<p><strong>DS: F\u00fcr welches Thema stehen Sie haupts\u00e4chlich ein?<\/strong><\/p>\n<p><strong>Manfred Todtenhausen: &#8222;<\/strong>Selbstbestimmung im Alter. Flexible Ruhestandsl\u00f6sung.&#8220;<\/p>\n<p><strong>DS: Warum ist Ihnen das Thema so wichtig?<\/strong><\/p>\n<p>Manfred Todtenhausen:<strong> &#8222;<\/strong>Wir alle werden \u00e4lter. Jeder soll f\u00fcr sich selber entscheiden, wann er ab 60 Jahre, sofern er die Grundsicherung erzielt hat, in Ruhestand geht. Wer fr\u00fcher geht, bekommt einen Abzug, wer sp\u00e4ter geht, bekommt mehr Rente. Zuverdienstgrenzen werden aufgehoben.&#8220;<\/p>\n<p><strong>DS: Was sind andere Themen, f\u00fcr die Sie sich einsetzen m\u00f6chten?<\/strong><\/p>\n<p>Manfred Todtenhausen:<strong> &#8222;<\/strong>Vorschriften und Verordnungen auf den Pr\u00fcfstand. B\u00fcrokratie f\u00fcr Unternehmen und Privatleben deutlich reduzieren. Das betrifft auch den Bereich Bauen, Wohnen und Mieten.&#8220;<\/p>\n<p><strong>DS: Was k\u00f6nnen Sie besser als die anderen Kandidaten?<\/strong><\/p>\n<p>Manfred Todtenhausen:<strong> &#8222;<\/strong>Anfassen und Zupacken. Durch meinen Beruf habe ich jeden Tag mit verschiedene Personen bzw. Personengruppen zu tun. B\u00fcrgern\u00e4he und das Verst\u00e4ndnis f\u00fcr die Sorgen der Mitmenschen haben mich mein Leben besch\u00e4ftigt.&#8220;<\/p>\n<p><strong>DS: Wie rechnen Sie sich Ihre Chancen bei der Wahl aus?<\/strong><\/p>\n<p>Manfred Todtenhausen<strong>: &#8222;<\/strong>Durch meinen Listenplatz sind die Chancen real und in Reichweite. Jetzt muss der W\u00e4hler (M\/W) entscheiden, ob er einen Wuppertaler Abgeordneten mit Bundestagserfahrung unterst\u00fctzen m\u00f6chte.&#8220;<\/p>\n","protected":false},"excerpt":{"rendered":"<p>Unser Redakteur Jan Filipzik hat f\u00fcr Sie die Wuppertaler Bundestags-Kandidaten unter die Lupe genommen und sie gefragt, was sie f\u00fcr Wuppertal erreichen wollen, sollten sie am 24.09. gew\u00e4hlt werden. Wir stellen Ihnen die Kandidaten und ihre Ziele in unserer Serie &#8222;Wahl-Check&#8220; vor:<\/p>\n","protected":false},"author":7,"featured_media":16866,"comment_status":"open","ping_status":"closed","sticky":false,"template":"","format":"standard","meta":{"footnotes":""},"categories":[26],"tags":[4404,4913],"class_list":["post-16867","post","type-post","status-publish","format-standard","hentry","category-politik","tag-bundestagswahl","tag-wahlcheck"],"publishpress_future_action":{"enabled":false,"date":"2026-05-05 21:45:58","action":"change-status","newStatus":"draft","terms":[],"taxonomy":"category","extraData":[]},"publishpress_future_workflow_manual_trigger":{"enabledWorkflows":[]},"_links":{"self":[{"href":"https:\/\/www.die-stadtzeitung.de\/index.php\/wp-json\/wp\/v2\/posts\/16867","targetHints":{"allow":["GET"]}}],"collection":[{"href":"https:\/\/www.die-stadtzeitung.de\/index.php\/wp-json\/wp\/v2\/posts"}],"about":[{"href":"https:\/\/www.die-stadtzeitung.de\/index.php\/wp-json\/wp\/v2\/types\/post"}],"author":[{"embeddable":true,"href":"https:\/\/www.die-stadtzeitung.de\/index.php\/wp-json\/wp\/v2\/users\/7"}],"replies":[{"embeddable":true,"href":"https:\/\/www.die-stadtzeitung.de\/index.php\/wp-json\/wp\/v2\/comments?post=16867"}],"version-history":[{"count":2,"href":"https:\/\/www.die-stadtzeitung.de\/index.php\/wp-json\/wp\/v2\/posts\/16867\/revisions"}],"predecessor-version":[{"id":48493,"href":"https:\/\/www.die-stadtzeitung.de\/index.php\/wp-json\/wp\/v2\/posts\/16867\/revisions\/48493"}],"wp:featuredmedia":[{"embeddable":true,"href":"https:\/\/www.die-stadtzeitung.de\/index.php\/wp-json\/wp\/v2\/media\/16866"}],"wp:attachment":[{"href":"https:\/\/www.die-stadtzeitung.de\/index.php\/wp-json\/wp\/v2\/media?parent=16867"}],"wp:term":[{"taxonomy":"category","embeddable":true,"href":"https:\/\/www.die-stadtzeitung.de\/index.php\/wp-json\/wp\/v2\/categories?post=16867"},{"taxonomy":"post_tag","embeddable":true,"href":"https:\/\/www.die-stadtzeitung.de\/index.php\/wp-json\/wp\/v2\/tags?post=16867"}],"curies":[{"name":"wp","href":"https:\/\/api.w.org\/{rel}","templated":true}]}}