{"id":16614,"date":"2021-08-25T14:14:00","date_gmt":"2021-08-25T12:14:00","guid":{"rendered":"http:\/\/192.168.10.16\/newsportal\/stadtzeitung\/index.php\/2017\/08\/25\/modern-cooking-der-neue-hit-von-thomas-anders\/"},"modified":"2022-01-31T20:49:17","modified_gmt":"2022-01-31T19:49:17","slug":"modern-cooking-der-neue-hit-von-thomas-anders","status":"publish","type":"post","link":"https:\/\/www.die-stadtzeitung.de\/index.php\/2021\/08\/25\/modern-cooking-der-neue-hit-von-thomas-anders\/","title":{"rendered":"\u201eModern Cooking\u201c &#8211; der neue Hit von Thomas Anders"},"content":{"rendered":"<div id=\"attachment_45394\" class=\"wp-caption alignnone\" style=\"max-width: 906px;\"><img loading=\"lazy\" decoding=\"async\" class=\" wp-image-45394\" src=\"\/wp-content\/uploads\/2017\/08\/BuBl_ModCook_Anders-2.jpg\" alt=\"\" width=\"896\" height=\"787\" \/><span class=\"wp-caption-text\">Das Kochbuch von Thomas Anders soll auch ein Hit werden &#8211; \u00a9 Tretorri Verlag<\/span><\/div>\n<p>Erst \u201eModern Talking\u201c &#8211; jetzt \u201eModern Cooking\u201c. Als S\u00e4nger von \u201eModern Talking\u201c (\u201eYou\u2019re My Heart, You\u2019re My Soul\u201c) hat Thomas Anders alles erreicht. \u00dcber 120 Millionen verkaufte Alben &#8211; die stolze Bilanz seiner nicht immer ganz harmonischen, k\u00fcnstlerischen Ehe mit Pop-Titan Dieter Bohlen. Musikalisch hat das Duo wirklich nichts anbrennen lassen.<\/p>\n<p>Thomas Anders, \u201eThe Gentleman Of Music\u201c, war immer schon wissbegierig und weltoffen. So hat er nicht nur goldene Schallplatten, kleine Fan-Geschenke und sch\u00f6ne Erinnerungen als Andenken von seinen vielen Tourneen rund um die Welt mitgebracht. Im Gep\u00e4ck hatte der Wahl-Ibizenker auch immer die schmackhaftesten Rezepte, die Gourmet-Highlights der bereisten L\u00e4nder. Und die sind in seinem ersten Kochbuch \u201eModern Cooking &#8211; einfach, lecker, anders\u201c jetzt zusammengefasst.<\/p>\n<p>Einige seiner kulinarischen Reise-Entdeckungen tischte der sympathische Hobby-Koch jetzt auf Einladung von Dieter Abholte, Herausgeber des bekannten Insel-Magazins \u201eIBIZA heute\u201c, im Gourmet-Tempel \u201eCasa Colonial\u201c von Wolfgang Lettner auf. Thomas Anders stand gemeinsam mit \u201eCasa Colonial\u201c-Chef-Koch Bj\u00f6rn am Herd. Ehefrau Claudia Weiding-Anders k\u00fcmmerte sich derweil liebevoll um die G\u00e4ste.<\/p>\n<p>Serviert wurde bei dem au\u00dfergew\u00f6hnlichen Feinschmecker-Event (u.a.):<\/p>\n<p>Mini-Burger mit Wei\u00dfkrautsalat Gin Tonic, Rindfleisch, Romanasalat, Avocado, Roten Zwiebeln, BBQ Sauce und Gegrillter Paprikasauce<br \/>\nSpinat-Tarte orientalisch, mit getrockneten Aprikosen, Pinienkernen, Zimt<br \/>\nCrostini mit Lachs-Tatar und Orangen\u00f6l<br \/>\nGegrillte Paprika-Himbeer-Gazpacho<br \/>\nRinderh\u00fcftsteak-Carpaccio mit Chili-Vinaigrette<br \/>\nAvocado-Mango-Tatar mit gebratenen Garnelen<br \/>\nThunfischsteak mit Gurkensalat im Asia-Style<br \/>\nAls erfrischender Zwischengang: Birnen-Basilikum-Sorbet<br \/>\nLammr\u00fccken mit geschmorten Rotwein-Feigen und S\u00fc\u00dfkartoffelp\u00fcree<br \/>\nCr\u00e8me br\u00fbl\u00e9e mit Kokosmilch und Ingwer<\/p>\n<p>Und nat\u00fcrlich gab es als Abschlu\u00df den ganz speziellen Ibiza-Gin \u201eLAW\u201c, den Casa-Colonial-Chef Wolfgang Lettner, Luna und Alexander von Eisenhart Rothe selbst aus Ibiza-Fr\u00fcchten und -Kr\u00e4utern brennen (die STADTZEITUNG berichtete dar\u00fcber).<\/p>\n<p>Der erfolgreiche Unternehmer Dirk Eckrath und Lebensgef\u00e4hrtin Kim (Inhaberin der Boutique \u201eSolo\u201c in D\u00fcsseldorf), die einen gro\u00dfen Teil des Jahres auf Ibiza leben und Stammg\u00e4ste der \u201eCasa Colonia\u201c sind, waren begeistert von den kulinarischen Kompositionen des S\u00e4ngers (\u201ePures Leben\u201c). Dirk Eckrath: \u201eTolles Ambiente, sehr schmackhaftes Essen, ein wundersch\u00f6ner Abend. Ich freue mich schon sehr auf das Kochbuch.\u201c<\/p>\n<p>Ganz sicher: \u201eModern Cooking\u201c &#8211; Das Kochbuch wird der n\u00e4chste Hit von Thomas Anders. Es erscheint \u00fcbrigens am 01. Oktober im Tre Torri Verlag (www.trtorri.de). STADTZEITUNGS-Leser k\u00f6nnen dann mit etwas Gl\u00fcck ein von \u201eHobby-Chef-Koch\u201c Thomas Anders handsigniertes Exemplar gewinnen. Sie m\u00fcssen allerdings folgende Frage richtig beantworten:<\/p>\n<p>Welches war das Erkennungs-Merkmal von Thomas Anders zu \u201eModern Talking\u201c-Zeiten:<\/p>\n<p>Die umgeh\u00e4ngte Gitarre &#8211; b) Das umgeh\u00e4ngte Keyboard<\/p>\n<p>Antworten bitte mailen an info@diestadtzeitung.de.<br \/>\nEinsendeschlu\u00df ist der 20.09.2017 &#8211; 12 Uhr<\/p>\n<p>www.thomas-anders.com<\/p>\n<p><strong>Text: Peter Pionke<\/strong><\/p>\n<p>&nbsp;<\/p>\n<div id=\"attachment_45388\" class=\"wp-caption alignnone\" style=\"max-width: 291px;\"><img loading=\"lazy\" decoding=\"async\" class=\" wp-image-45388\" src=\"\/wp-content\/uploads\/2017\/11\/BuBl_ModCook_Anders-807x1024.jpg\" alt=\"\" width=\"281\" height=\"357\" \/><span class=\"wp-caption-text\">MODERN COOKING &#8211;\u00a0EINFACH, LECKER, ANDERS<br \/>Autor: Thomas Anders &#8211; TRETORRI Verlag<br \/>200 Seiten &#8211; zahlr. Farbfotos &#8211; Hardcover &#8211; \u20ac 25,00 &#8211; ISBN 978-3-96033-022-6<\/span><\/div>\n<p>&nbsp;<\/p>\n<p>&nbsp;<\/p>\n","protected":false},"excerpt":{"rendered":"<p>\u201eModern Cooking\u201c &#8211; der n\u00e4chste Hit von Thomas Anders. Der Ex-S\u00e4nger von &#8222;Modern Talking&#8220; und Duo-Partner von Dieter Bohlen bringt jetzt sein erstes Kochbuch heraus&#8230;<\/p>\n","protected":false},"author":7,"featured_media":16613,"comment_status":"open","ping_status":"closed","sticky":false,"template":"","format":"standard","meta":{"footnotes":""},"categories":[25],"tags":[3901,4845,4846],"class_list":["post-16614","post","type-post","status-publish","format-standard","hentry","category-lifestyle","tag-dieter-bohlen","tag-modern-talking","tag-thomas-anders"],"publishpress_future_action":{"enabled":false,"date":"2026-05-06 11:39:55","action":"change-status","newStatus":"draft","terms":[],"taxonomy":"category","extraData":[]},"publishpress_future_workflow_manual_trigger":{"enabledWorkflows":[]},"_links":{"self":[{"href":"https:\/\/www.die-stadtzeitung.de\/index.php\/wp-json\/wp\/v2\/posts\/16614","targetHints":{"allow":["GET"]}}],"collection":[{"href":"https:\/\/www.die-stadtzeitung.de\/index.php\/wp-json\/wp\/v2\/posts"}],"about":[{"href":"https:\/\/www.die-stadtzeitung.de\/index.php\/wp-json\/wp\/v2\/types\/post"}],"author":[{"embeddable":true,"href":"https:\/\/www.die-stadtzeitung.de\/index.php\/wp-json\/wp\/v2\/users\/7"}],"replies":[{"embeddable":true,"href":"https:\/\/www.die-stadtzeitung.de\/index.php\/wp-json\/wp\/v2\/comments?post=16614"}],"version-history":[{"count":4,"href":"https:\/\/www.die-stadtzeitung.de\/index.php\/wp-json\/wp\/v2\/posts\/16614\/revisions"}],"predecessor-version":[{"id":45396,"href":"https:\/\/www.die-stadtzeitung.de\/index.php\/wp-json\/wp\/v2\/posts\/16614\/revisions\/45396"}],"wp:featuredmedia":[{"embeddable":true,"href":"https:\/\/www.die-stadtzeitung.de\/index.php\/wp-json\/wp\/v2\/media\/16613"}],"wp:attachment":[{"href":"https:\/\/www.die-stadtzeitung.de\/index.php\/wp-json\/wp\/v2\/media?parent=16614"}],"wp:term":[{"taxonomy":"category","embeddable":true,"href":"https:\/\/www.die-stadtzeitung.de\/index.php\/wp-json\/wp\/v2\/categories?post=16614"},{"taxonomy":"post_tag","embeddable":true,"href":"https:\/\/www.die-stadtzeitung.de\/index.php\/wp-json\/wp\/v2\/tags?post=16614"}],"curies":[{"name":"wp","href":"https:\/\/api.w.org\/{rel}","templated":true}]}}