{"id":16339,"date":"2017-08-10T10:12:54","date_gmt":"2017-08-10T08:12:54","guid":{"rendered":"http:\/\/192.168.10.16\/newsportal\/stadtzeitung\/index.php\/2017\/08\/10\/jochen-rauschs-krieg-filmpremiere-in-venedig\/"},"modified":"2022-12-09T11:24:45","modified_gmt":"2022-12-09T10:24:45","slug":"jochen-rauschs-krieg-filmpremiere-in-venedig","status":"publish","type":"post","link":"https:\/\/www.die-stadtzeitung.de\/index.php\/2017\/08\/10\/jochen-rauschs-krieg-filmpremiere-in-venedig\/","title":{"rendered":"Jochen Rauschs \u201eKrieg\u201c: Filmpremiere in Venedig"},"content":{"rendered":"<div id=\"attachment_58995\" class=\"wp-caption alignnone\" style=\"max-width: 492px;\"><img loading=\"lazy\" decoding=\"async\" class=\"wp-image-58995 size-full\" src=\"\/wp-content\/uploads\/2017\/01\/Krieg_Still_scope-14_704-2.jpeg\" alt=\"\" width=\"482\" height=\"365\" \/><span class=\"wp-caption-text\">Hauptdarsteller Ulrich Matthes in dem Thriller \u201eFremder Feind\u201c alias \u201eKrieg\u201c von Jochen Rausch \u2013 \u00a9 WDR \/ Schiwago-Film<\/span><\/div>\n<p>Regisseur der Roman-Verfilmung &#8222;Krieg&#8220; ist Rick Ostermann, dessen Deb\u00fct-Film \u201eWolfskinder\u201c ebenfalls zum ersten Mal in der Stadt der Gondeln und Kan\u00e4le gezeigt wurde.<\/p>\n<p>\u201eKrieg\u201c ist ein Film \u00fcber eine ungew\u00f6hnliche Trauerarbeit, die in einen Kampf auf Leben und Tod m\u00fcndet. Er erz\u00e4hlt die Geschichte von Arnold Stein, der sich \u2013 nachdem sein Sohn als Soldat in einem Auslandseinsatz ums Leben gekommen ist &#8211; in eine einsame Bergh\u00fctte zur\u00fcckzieht, um seinen Frieden zu finden. Dieser Friede wird zerst\u00f6rt, als ihn terrorisiert und ihn in einen nervenaufreibenden Kampf verwickelt.<\/p>\n<p>Die Hauptrollen in dem Familiendrama spielen Ulrich Matthes (\u201eDer Untergang\u201c), Barbara Auer, J\u00f6rdis Triebel (\u201eWesten\u201c) und Thomas Loibl (\u201eToni Erdmann\u201c).<\/p>\n<p>Jochen Rausch: \u201eDas Filmfestival in Venedig ist eines der wichtigsten der Welt. Ich freue mich sehr, dass der wunderbare Film, den Rick Ostermann aus meinem Roman gemacht hat, dort zum ersten Mal gezeigt wird. Das ist ein gro\u00dfes Kompliment f\u00fcr den Regisseur, die Schauspieler und auch f\u00fcr das Buch.\u201c <strong>(pp)<\/strong><\/p>\n","protected":false},"excerpt":{"rendered":"<p>Gro\u00dfe Ehre f\u00fcr Jochen Rausch! Der Film \u201eKrieg\u201c, der auf dem gleichnamigen Roman des Wuppertaler Buch-Autos sowie Programm-Chefs von 1LIVE, WDR 2 und WDR 4 basiert, feiert beim Internationalen Film-Festival in Venedig (30. August \u2013 9. September 2017) Weltpremiere.<\/p>\n","protected":false},"author":7,"featured_media":16337,"comment_status":"open","ping_status":"open","sticky":false,"template":"","format":"standard","meta":{"footnotes":""},"categories":[29],"tags":[4730,60,4729,4728,4731,3808],"class_list":["post-16339","post","type-post","status-publish","format-standard","hentry","category-kultur","tag-der-untergang","tag-jochen-rausch","tag-rick-ostermann","tag-roman-krieg","tag-ulrich-matthes","tag-wdr"],"publishpress_future_action":{"enabled":false,"date":"2026-05-07 18:14:12","action":"change-status","newStatus":"draft","terms":[],"taxonomy":"category","extraData":[]},"publishpress_future_workflow_manual_trigger":{"enabledWorkflows":[]},"_links":{"self":[{"href":"https:\/\/www.die-stadtzeitung.de\/index.php\/wp-json\/wp\/v2\/posts\/16339","targetHints":{"allow":["GET"]}}],"collection":[{"href":"https:\/\/www.die-stadtzeitung.de\/index.php\/wp-json\/wp\/v2\/posts"}],"about":[{"href":"https:\/\/www.die-stadtzeitung.de\/index.php\/wp-json\/wp\/v2\/types\/post"}],"author":[{"embeddable":true,"href":"https:\/\/www.die-stadtzeitung.de\/index.php\/wp-json\/wp\/v2\/users\/7"}],"replies":[{"embeddable":true,"href":"https:\/\/www.die-stadtzeitung.de\/index.php\/wp-json\/wp\/v2\/comments?post=16339"}],"version-history":[{"count":3,"href":"https:\/\/www.die-stadtzeitung.de\/index.php\/wp-json\/wp\/v2\/posts\/16339\/revisions"}],"predecessor-version":[{"id":59017,"href":"https:\/\/www.die-stadtzeitung.de\/index.php\/wp-json\/wp\/v2\/posts\/16339\/revisions\/59017"}],"wp:featuredmedia":[{"embeddable":true,"href":"https:\/\/www.die-stadtzeitung.de\/index.php\/wp-json\/wp\/v2\/media\/16337"}],"wp:attachment":[{"href":"https:\/\/www.die-stadtzeitung.de\/index.php\/wp-json\/wp\/v2\/media?parent=16339"}],"wp:term":[{"taxonomy":"category","embeddable":true,"href":"https:\/\/www.die-stadtzeitung.de\/index.php\/wp-json\/wp\/v2\/categories?post=16339"},{"taxonomy":"post_tag","embeddable":true,"href":"https:\/\/www.die-stadtzeitung.de\/index.php\/wp-json\/wp\/v2\/tags?post=16339"}],"curies":[{"name":"wp","href":"https:\/\/api.w.org\/{rel}","templated":true}]}}