{"id":1631,"date":"2016-09-20T22:05:47","date_gmt":"2016-09-20T20:05:47","guid":{"rendered":"http:\/\/192.168.10.16\/newsportal\/stadtzeitung\/index.php\/2015\/09\/20\/werner-kreiskott-boxt-sich-zum-wbu-weltmeistertitel\/"},"modified":"2022-01-31T17:10:14","modified_gmt":"2022-01-31T16:10:14","slug":"werner-kreiskott-boxt-sich-zum-wbu-weltmeistertitel","status":"publish","type":"post","link":"https:\/\/www.die-stadtzeitung.de\/index.php\/2016\/09\/20\/werner-kreiskott-boxt-sich-zum-wbu-weltmeistertitel\/","title":{"rendered":"Werner Kreiskott boxt sich zum WBU-Weltmeistertitel"},"content":{"rendered":"<div id=\"attachment_49556\" class=\"wp-caption alignnone\" style=\"max-width: 1034px;\"><img loading=\"lazy\" decoding=\"async\" class=\"size-large wp-image-49556\" src=\"\/wp-content\/uploads\/2015\/09\/IMG_8875_a-2-1024x944.jpg\" alt=\"\" width=\"1024\" height=\"944\" \/><span class=\"wp-caption-text\">Werner Kreiskott verliess den Box-Ring als Weltmeister \u00a9 Dirk Sengotta<\/span><\/div>\n<p>War das eine Ringschlacht! Ohne R\u00fccksicht auf Verluste und ohne jegliches taktisches Abtasten pr\u00fcgelten die beiden Schwergewichte in der EMKA-Sport-Arena aufeinander ein. Am Ende der 1. Runde sah der 36 Jahre alte Wuppertaler nach einem wahren Schlag-Trommelfeuer schon wie er sichere Sieger aus. Doch der Ungar (34) hielt sich irgendwie auf den Beinen.<\/p>\n<p>Werner Kreiskott setzte in der zweiten Runde &#8211; angefeuert von den begeisterten Zuschauern &#8211; entschlossen nach. Doch dann war er f\u00fcr den Bruchteil einer Sekunde unachtsam und lief prompt in eines krachende Rechte seines Gegners. Jetzt hatte er M\u00fche, den Runden-Gong stehend zu erreichen.<\/p>\n<p>Durch den Volltreffer wachger\u00fcttelt, sorgte Werner Kreiskott in Runde drei und vier f\u00fcr klare Verh\u00e4ltnisse. Die dritte Runde \u00fcberstand Zoltan Csala noch mit Gl\u00fcck und Nehmerqualit\u00e4ten. In Runde vier war dann aber endg\u00fcltig Feierabend. Werner Kreiskott nagelte seine Gegner f\u00f6rmlich in einer Ringecke fest.<\/p>\n<p>Der Wuppertaler landete Treffer auf Treffer. Demoralisiert drehte sich Zoltan Csala ab. Aufgabe! Zeitgleich brach Ringrichter Mustafa Erenay den Kampf ab und erkl\u00e4rte Werner Kreiskott zum Sieger durch &#8218;Technischen KO&#8216; (TKO) in der 4. Runde nach genau 43 Sekunden.<\/p>\n<p>Der Champ liess sich nach seinem hochverdienten Erfolg von seinen Fans und von Ehefrau Olga feiern. Erster Gratulant im Ring: Friedhelm Runge, lange Jahre Pr\u00e4sident des Wuppertaler SV, und jetziger Sponsor von Werner Kreiskott, dem neuen WBU-Weltmeister.<\/p>\n","protected":false},"excerpt":{"rendered":"<p>Gro\u00dfer Erfolg f\u00fcr Werner Kreiskott! Der Wuppertaler Schwergewichts-Boxer ist nach seinem Sieg gegen den Ungarn Zoltan Csala WBU-Welteister.<\/p>\n","protected":false},"author":7,"featured_media":1630,"comment_status":"open","ping_status":"closed","sticky":false,"template":"","format":"standard","meta":{"footnotes":""},"categories":[20],"tags":[],"class_list":["post-1631","post","type-post","status-publish","format-standard","hentry","category-sport"],"publishpress_future_action":{"enabled":false,"date":"2026-05-08 04:17:14","action":"change-status","newStatus":"draft","terms":[],"taxonomy":"category","extraData":[]},"publishpress_future_workflow_manual_trigger":{"enabledWorkflows":[]},"_links":{"self":[{"href":"https:\/\/www.die-stadtzeitung.de\/index.php\/wp-json\/wp\/v2\/posts\/1631","targetHints":{"allow":["GET"]}}],"collection":[{"href":"https:\/\/www.die-stadtzeitung.de\/index.php\/wp-json\/wp\/v2\/posts"}],"about":[{"href":"https:\/\/www.die-stadtzeitung.de\/index.php\/wp-json\/wp\/v2\/types\/post"}],"author":[{"embeddable":true,"href":"https:\/\/www.die-stadtzeitung.de\/index.php\/wp-json\/wp\/v2\/users\/7"}],"replies":[{"embeddable":true,"href":"https:\/\/www.die-stadtzeitung.de\/index.php\/wp-json\/wp\/v2\/comments?post=1631"}],"version-history":[{"count":3,"href":"https:\/\/www.die-stadtzeitung.de\/index.php\/wp-json\/wp\/v2\/posts\/1631\/revisions"}],"predecessor-version":[{"id":49557,"href":"https:\/\/www.die-stadtzeitung.de\/index.php\/wp-json\/wp\/v2\/posts\/1631\/revisions\/49557"}],"wp:featuredmedia":[{"embeddable":true,"href":"https:\/\/www.die-stadtzeitung.de\/index.php\/wp-json\/wp\/v2\/media\/1630"}],"wp:attachment":[{"href":"https:\/\/www.die-stadtzeitung.de\/index.php\/wp-json\/wp\/v2\/media?parent=1631"}],"wp:term":[{"taxonomy":"category","embeddable":true,"href":"https:\/\/www.die-stadtzeitung.de\/index.php\/wp-json\/wp\/v2\/categories?post=1631"},{"taxonomy":"post_tag","embeddable":true,"href":"https:\/\/www.die-stadtzeitung.de\/index.php\/wp-json\/wp\/v2\/tags?post=1631"}],"curies":[{"name":"wp","href":"https:\/\/api.w.org\/{rel}","templated":true}]}}