{"id":15103,"date":"2017-05-19T05:15:00","date_gmt":"2017-05-19T03:15:00","guid":{"rendered":"http:\/\/192.168.10.16\/newsportal\/stadtzeitung\/index.php\/2017\/05\/19\/kolleg-am-oelberg-wird-runderneuert\/"},"modified":"2017-05-19T05:15:00","modified_gmt":"2017-05-19T03:15:00","slug":"kolleg-am-oelberg-wird-runderneuert","status":"publish","type":"post","link":"https:\/\/www.die-stadtzeitung.de\/index.php\/2017\/05\/19\/kolleg-am-oelberg-wird-runderneuert\/","title":{"rendered":"Kolleg am \u00d6lberg wird runderneuert"},"content":{"rendered":"<p><img loading=\"lazy\" decoding=\"async\" class=\" size-full wp-image-15102\" src=\"https:\/\/www.die-stadtzeitung.de\/wp-content\/uploads\/2017\/05\/29f7c74cc5e97171ed51e2c02c4287c0.jpg\" alt=\"\" width=\"900\" height=\"600\" \/><\/p>\n<p>An der Gertrudenstra\u00dfe 20 in der Elberfelder Nordstadt steht eines der sch\u00f6nsten Schulgeb\u00e4ude der Stadt und beherbergt das Weiterbildungskolleg am \u00d6lberg mit der Abendrealschule. Das wird nun saniert.<\/p>\n<p>  <!--more-->  <\/p>\n<p><strong>Wuppertal, 19. Mai 2017.<\/strong> Der Zahn der Zeit hat an Fassade und Dach des denkmalgesch\u00fctzten Geb\u00e4udes sowie an der vier bis zw\u00f6lf Meter hohen St\u00fctzmauer unterhalb der Schule genagt. Deshalb arbeitet das Geb\u00e4udemanagement der Stadt Wuppertal (GMW) schon seit den letzten Herbstferien an der \u00fcber 22 Meter hohen und reichhaltig gegliederten und verzierten Klinkerfassade und an dem abwechslungsreich gestalteten Dach mit seinen kleinen sogenannten Zwerchgiebeln.<\/p>\n<p>Neben der Sanierung der Klinkerfassade und der Erneuerung der Dacheindeckung wird auch die oberste Geschossdecke ged\u00e4mmt und Fenster erneuert. Die Arbeiten wurden und werden in enger Absprache mit dem Denkmalschutz ausgef\u00fchrt. So wurde das Dach mit Schiefer in \u201eAltdeutscher Deckung\u201c eingedeckt.<\/p>\n<p>Aus der Fassade mussten viele lose und besch\u00e4digte Steine herausgenommen und gereinigt oder denkmalgerecht ersetzt werden. \u201eDadurch \u00e4hnelte das Geb\u00e4ude zeitweise einem Schweizer K\u00e4se\u201c, sagt Produktmanager Thomas Lehn und erl\u00e4utert, dass diese Bauphase jetzt vorbei vorbei ist und die Sanierungsarbeiten noch in diesem Sommer abgeschlossen werden k\u00f6nnen. Die Sanierung wird rund 700.000 Euro kosten.<\/p>\n<p>Im Sommer werden dann die Arbeiten an der St\u00fctzmauer und am Schulhof beginnen, f\u00fcr die bereits im Februar viele B\u00e4ume beseitigt werden mussten. Hierf\u00fcr wird voraussichtlich nach Pfingsten die Baustelle eingerichtet. Die St\u00fctzmauer-Sanierung wird bis Ende des Jahres dauern und fast eine Million Euro kosten.<\/p>\n","protected":false},"excerpt":{"rendered":"<p>An der Gertrudenstra\u00dfe 20 in der Elberfelder Nordstadt steht eines der sch\u00f6nsten Schulgeb\u00e4ude der Stadt und beherbergt das Weiterbildungskolleg am \u00d6lberg mit der Abendrealschule. Das wird nun saniert.<\/p>\n","protected":false},"author":14,"featured_media":15102,"comment_status":"open","ping_status":"closed","sticky":false,"template":"","format":"standard","meta":{"footnotes":""},"categories":[21],"tags":[],"class_list":["post-15103","post","type-post","status-publish","format-standard","hentry","category-news-startseite"],"publishpress_future_action":{"enabled":false,"date":"2026-05-07 23:17:41","action":"change-status","newStatus":"draft","terms":[],"taxonomy":"category","extraData":[]},"publishpress_future_workflow_manual_trigger":{"enabledWorkflows":[]},"_links":{"self":[{"href":"https:\/\/www.die-stadtzeitung.de\/index.php\/wp-json\/wp\/v2\/posts\/15103","targetHints":{"allow":["GET"]}}],"collection":[{"href":"https:\/\/www.die-stadtzeitung.de\/index.php\/wp-json\/wp\/v2\/posts"}],"about":[{"href":"https:\/\/www.die-stadtzeitung.de\/index.php\/wp-json\/wp\/v2\/types\/post"}],"author":[{"embeddable":true,"href":"https:\/\/www.die-stadtzeitung.de\/index.php\/wp-json\/wp\/v2\/users\/14"}],"replies":[{"embeddable":true,"href":"https:\/\/www.die-stadtzeitung.de\/index.php\/wp-json\/wp\/v2\/comments?post=15103"}],"version-history":[{"count":0,"href":"https:\/\/www.die-stadtzeitung.de\/index.php\/wp-json\/wp\/v2\/posts\/15103\/revisions"}],"wp:featuredmedia":[{"embeddable":true,"href":"https:\/\/www.die-stadtzeitung.de\/index.php\/wp-json\/wp\/v2\/media\/15102"}],"wp:attachment":[{"href":"https:\/\/www.die-stadtzeitung.de\/index.php\/wp-json\/wp\/v2\/media?parent=15103"}],"wp:term":[{"taxonomy":"category","embeddable":true,"href":"https:\/\/www.die-stadtzeitung.de\/index.php\/wp-json\/wp\/v2\/categories?post=15103"},{"taxonomy":"post_tag","embeddable":true,"href":"https:\/\/www.die-stadtzeitung.de\/index.php\/wp-json\/wp\/v2\/tags?post=15103"}],"curies":[{"name":"wp","href":"https:\/\/api.w.org\/{rel}","templated":true}]}}