{"id":14948,"date":"2017-05-11T07:50:46","date_gmt":"2017-05-11T05:50:46","guid":{"rendered":"http:\/\/192.168.10.16\/newsportal\/stadtzeitung\/index.php\/2017\/05\/11\/juechter-dams-gemeinsam-fuer-wuppertal-2\/"},"modified":"2022-01-29T19:46:25","modified_gmt":"2022-01-29T18:46:25","slug":"juechter-dams-gemeinsam-fuer-wuppertal-2","status":"publish","type":"post","link":"https:\/\/www.die-stadtzeitung.de\/index.php\/2017\/05\/11\/juechter-dams-gemeinsam-fuer-wuppertal-2\/","title":{"rendered":"J\u00fcchter &#038; Dams k\u00e4mpfen gemeinsam f\u00fcr Wuppertal"},"content":{"rendered":"<div id=\"attachment_48351\" class=\"wp-caption alignnone\" style=\"max-width: 960px;\"><img loading=\"lazy\" decoding=\"async\" class=\"size-full wp-image-48351\" src=\"\/wp-content\/uploads\/2017\/05\/IMG_6668_a.jpg\" alt=\"\" width=\"950\" height=\"633\" \/><span class=\"wp-caption-text\">Vok Dams, ein K\u00e4mpfer f\u00fcr die Stadt Wuppertal &#8211; \u00a9 Dirk Sengotta<\/span><\/div>\n<p>Heinz Theodor J\u00fcchter: &#8222;Vok Dams, welterfahrener Marketing-Fachmann aus Wuppertal, hat sich (und uns) ein \u201eAtelierhaus\u201c eingerichtet, das zugleich ein Ort des \u00f6ffentlichen Nachdenkens \u00fcber die Entwicklung unserer Stadt sein soll. Seine letzten DENKANST\u00d6SSE in der M\u00e4rz-Ausgabe der \u201eStadtzeitung\u201c ergeben ein gutes Gespr\u00e4ch \u00fcber die Zukunft Wuppertals. Nach f\u00fcnfzig Jahren Wuppertal und engagierter Pension\u00e4r bleibe ich neugierig auf die weitere Stadtentwicklung.<\/p>\n<p>An die kraftvoll-kreative Diskussion um das Marketingkonzept WUPPERTAL 2004 (in einem anderen Marketing-Atelierhaus in Ronsdorf von Dieter L\u00fcbke inszeniert) erinnere ich mich noch gut \u2013 und habe in weniger guter Erinnerung, wie damals die zust\u00e4ndigen Planungsfachleute (in Rat und Verwaltung) reagierten: Beleidigt \u00fcber die \u201eFremdeinmischung\u201c und m\u00fcrrisch-abwehrend kritisch gegen\u00fcber neuen Ideen der Stadtentwicklung.<\/p>\n<p>Bevor man die damaligen Denkanst\u00f6\u00dfe in Handlungsprogramme umsetzen konnte, verschwand das Gutachten in den Schubladen. Es gab dennoch weitere Denkanst\u00f6\u00dfe (auch aus dem damals noch sehr aktiven Dezernat f\u00fcr Stadtentwicklung) und neue Gutachten, als letztes einen Katalog von konkreten Zukunftsprojekten unter dem Langzeittitel WUPPERTAL 2025 und j\u00fcngst einen Ratsbeschluss zur Ermittlung von Perspektiven der Stadtentwicklung.<\/p>\n<div id=\"attachment_48348\" class=\"wp-caption alignnone\" style=\"max-width: 437px;\"><img loading=\"lazy\" decoding=\"async\" class=\" wp-image-48348\" src=\"\/wp-content\/uploads\/2017\/05\/Heinz-Theodor-Juechter.jpeg\" alt=\"\" width=\"427\" height=\"231\" \/><span class=\"wp-caption-text\">Heinz-Theodor J\u00fcchter &#8211; \u00a9 privat<\/span><\/div>\n<p>Vok Dams schl\u00e4gt vor, den Gedanken des Stadtmarketings an den Anfang zu stellen. Welches Stadtbild hat man, welches Profil soll Wuppertal in Zukunft haben, was sind die \u201eunique selling points\u201c, welche \u201eStadt-Melodie\u201c soll erklingen? Viele \u201eBausteine\u201c (und Noten) sind bereits vorhanden, manches ist in Bau oder geplant, ist bereits zu sehen und zu h\u00f6ren.<\/p>\n<p>STADTMARKETING muss nur noch die Scheinwerfer und Lautsprecher aufstellen,<br \/>\ndamit die Stadt auch leuchten und klingen kann.<\/p>\n<p>1. Die SCHWEBEBAHN bleibt eine Ikone der Stadt (jedenfalls f\u00fcr alle Ausw\u00e4rtigen). Wo kann man schon eine Stadt \u201eauf halber H\u00f6he\u201c durchfahren und ab sofort sogar in flotten neuen hellblauen Wagen? Vielleicht f\u00e4hrt bald zus\u00e4tzlich auch noch eine Seilbahn bis auf die gr\u00fcnen H\u00f6hen der Stadt)?<\/p>\n<p>2. Wuppertal hat nahe GR\u00dcNE H\u00d6HEN &amp; T\u00c4LER und erholsame Stadtparks (Hardt, Nordpark, Barmer Anlagen, K\u00f6nigsh\u00f6he) und sogar einen attraktiven ZOOLOGISCHEN GARTEN.<\/p>\n<p>3. Mehrere STADTPL\u00c4TZE will und kann man neu inszenieren: Vom neuen D\u00f6ppersberg bis zum historischen Laurentiusplatz, vom Von der Heydt-Platz bis zum gastronomisch attraktiven Else-Lasker-Sch\u00fcler-Platz (man sollte den Platz am Kasino-Kreisel endlich so nennen). Das Gastronomie-Angebot ist ohnedies erstaunlich vielf\u00e4ltig. Lesen Sie weiter auf Seite 7<\/p>\n<p>Die Einkaufsstra\u00dfen sind zwar eher mittelm\u00e4\u00dfig, aber welche Stadt hat schon neue TRASSEN der aktiven Bewegung, die durch die ganze Stadt f\u00fchren und sogar den Wald den Berg hinauf (und herunter)?<\/p>\n<p>4. Und Wuppertal klingt an vielen KONZERTORTEN: in einem der sch\u00f6nsten Konzerts\u00e4le Europas (der \u201eHistorischen Stadthalle\u201c), zudem mit einem wunderbaren Sinfonieorchester, in Konzert-Kirchen und in Jazz- und Pop-Lokalen, hat eine Musik- und eine Musikhochschule und ein inzwischen aufregendes Opernhaus.<\/p>\n<p>5. Wuppertal ist eine \u00fcberregionale TANZMETROPOLE als Sitz des weltber\u00fchmten Wuppertaler Tanztheaters Pina Bausch, erg\u00e4nzt durch eine wachsende Tanzszene, u.a. mit Tango-Festivals und Tanz-Workshops. Das \u201eTanzzentrum Pina Bausch\u201c soll im bisherigen Schauspielhaus ein \u201eWeltkulturerbe\u201c pflegen.<\/p>\n<p>6. Wuppertal zeigt \u00e4ltere und neue KUNST in der reichen und gro\u00dfartigen Sammlung des Von der Heydt-Museums und mit wechselnden Ausstellungen (auch in der Kunsthalle Barmen), au\u00dferdem lockt am \u201eWaldfrieden\u201c Tony Craggs Skulpturenpark.<\/p>\n<p>7. Wuppertal ist ein markanter HISTORISCHER ORT, gepr\u00e4gt durch Fr\u00fch-industrialisierung und Gr\u00fcnderzeit, pr\u00e4sentiert im Historischen Zentrum und im ENGELSHAUS (Friedrich Engels wurde 1820 in Barmen geboren).<\/p>\n<p>8. Die BERGISCHE UNIVERSIT\u00c4T (auf dem Grifflenberg \u00fcber der Stadt) pr\u00e4gt das geistige Profil der Stadt, erg\u00e4nzt durch die einzigartige JUNIOR UNI und das \u00fcberregionale WUPPERTAL-INSTITUT f\u00fcr Klima &amp; Energie. Das Bildungs- und Weiterbildungsangebot der Stadt ist vielf\u00e4ltig und leistungsf\u00e4hig.<\/p>\n<p>9. Wuppertal ist ein SOZIALE &amp; FARBIGE STADT in unterschiedlichen Quartieren, alle Generationen bunt gemischt und gut versorgt, viele Ausl\u00e4nder im Stadtbild, selten Sozialghettos.<\/p>\n<p>10. Wuppertal ist die Hauptstadt des BERGISCHEN LANDES, auf Stra\u00dfen &amp; Schienen gut erreichbar (wenn auch nicht ohne Staus), mit erholsamen Freizeitangebote in der N\u00e4he.<\/p>\n<p><strong>Heinz Theodor J\u00fcchter<\/strong><\/p>\n","protected":false},"excerpt":{"rendered":"<p>Heinz Theodor J\u00fcchter &#8211; langj\u00e4hriger, erfolgreicher Kultur-Dezernent Wuppertals &#8211; und Vok Dams &#8211; Event-Marketing-Experte und STADTZEITUNGS-Kolumnist: Zwei Vision\u00e4re k\u00e4mpfen gemeinsam f\u00fcr das Image der Bergischen Metropole.<\/p>\n","protected":false},"author":7,"featured_media":14946,"comment_status":"open","ping_status":"closed","sticky":false,"template":"","format":"standard","meta":{"footnotes":""},"categories":[26],"tags":[4276,4214,43],"class_list":["post-14948","post","type-post","status-publish","format-standard","hentry","category-politik","tag-denkanstoesse","tag-heinz-theodor-juechter","tag-vok-dams"],"publishpress_future_action":{"enabled":false,"date":"2026-05-05 16:52:56","action":"change-status","newStatus":"draft","terms":[],"taxonomy":"category","extraData":[]},"publishpress_future_workflow_manual_trigger":{"enabledWorkflows":[]},"_links":{"self":[{"href":"https:\/\/www.die-stadtzeitung.de\/index.php\/wp-json\/wp\/v2\/posts\/14948","targetHints":{"allow":["GET"]}}],"collection":[{"href":"https:\/\/www.die-stadtzeitung.de\/index.php\/wp-json\/wp\/v2\/posts"}],"about":[{"href":"https:\/\/www.die-stadtzeitung.de\/index.php\/wp-json\/wp\/v2\/types\/post"}],"author":[{"embeddable":true,"href":"https:\/\/www.die-stadtzeitung.de\/index.php\/wp-json\/wp\/v2\/users\/7"}],"replies":[{"embeddable":true,"href":"https:\/\/www.die-stadtzeitung.de\/index.php\/wp-json\/wp\/v2\/comments?post=14948"}],"version-history":[{"count":4,"href":"https:\/\/www.die-stadtzeitung.de\/index.php\/wp-json\/wp\/v2\/posts\/14948\/revisions"}],"predecessor-version":[{"id":48477,"href":"https:\/\/www.die-stadtzeitung.de\/index.php\/wp-json\/wp\/v2\/posts\/14948\/revisions\/48477"}],"wp:featuredmedia":[{"embeddable":true,"href":"https:\/\/www.die-stadtzeitung.de\/index.php\/wp-json\/wp\/v2\/media\/14946"}],"wp:attachment":[{"href":"https:\/\/www.die-stadtzeitung.de\/index.php\/wp-json\/wp\/v2\/media?parent=14948"}],"wp:term":[{"taxonomy":"category","embeddable":true,"href":"https:\/\/www.die-stadtzeitung.de\/index.php\/wp-json\/wp\/v2\/categories?post=14948"},{"taxonomy":"post_tag","embeddable":true,"href":"https:\/\/www.die-stadtzeitung.de\/index.php\/wp-json\/wp\/v2\/tags?post=14948"}],"curies":[{"name":"wp","href":"https:\/\/api.w.org\/{rel}","templated":true}]}}