{"id":13183,"date":"2017-02-11T10:41:11","date_gmt":"2017-02-11T09:41:11","guid":{"rendered":"http:\/\/192.168.10.16\/newsportal\/stadtzeitung\/index.php\/2017\/02\/11\/werner-kreiskott-verteidigt-heute-seinen-wm-titel\/"},"modified":"2022-01-31T16:18:15","modified_gmt":"2022-01-31T15:18:15","slug":"werner-kreiskott-verteidigt-heute-seinen-wm-titel","status":"publish","type":"post","link":"https:\/\/www.die-stadtzeitung.de\/index.php\/2017\/02\/11\/werner-kreiskott-verteidigt-heute-seinen-wm-titel\/","title":{"rendered":"Werner Kreiskott verteidigt heute seinen WM-Titel"},"content":{"rendered":"<div id=\"attachment_49556\" class=\"wp-caption alignnone\" style=\"max-width: 1034px;\"><img loading=\"lazy\" decoding=\"async\" class=\"size-large wp-image-49556\" src=\"\/wp-content\/uploads\/2015\/09\/IMG_8875_a-2-1024x944.jpg\" alt=\"\" width=\"1024\" height=\"944\" \/><span class=\"wp-caption-text\">Werner Kreiskott beim Training f\u00fcr den wichtigen Kampf \u00a9 Dirk Sengotta<\/span><\/div>\n<p>Es wird Kreiskotts vorletzter Fight sein. Nach diesem WM-Kampf, der wieder im EMKA-Sportzentrum in Velbert stattfindet, wird Werner Kreiskott nur noch einmal boxen \u2013 egal wie die Titelverteidigung ausgeht.<\/p>\n<p>\u201eIch organisiere dann noch einen gro\u00dfen Abschiedskampf, weil ich meinen Leuten und den Fans, die seit Jahren hinter mir stehen, einfach etwas zur\u00fcckgeben m\u00f6chte, erkl\u00e4rte er dem Sportmagazin \u201eEinWurf\u201c.\u201c In Zukunft will sich Werner Kreiskott nur noch auf seinen \u201eFight Club\u201c (Friedrich-Ebert-Str. 149) konzentrieren.<\/p>\n<p>Vorher wird der WBU Weltmeister und WBF International Champion, der K\u00e4mpfer mit dem L\u00f6wenherz, aber noch einmal alles \u201eheraus hauen\u201c. Zuletzt hatte Werner Kreiskott mehrere Tage lang in der Rathaus-Galerie \u00f6ffentlich trainiert. Jeder konnte sich ein Bild davon machen, wie fit der Ttelverteidiger ist. Bei der Pressekonferenz am Freitag (10.02.) gab sich der Wuppertaler Fighter gewohnt optimistisch.<\/p>\n<p>Er wei\u00df, dass Epifanio Mendoza (41), der in seiner Heimat \u201eDiamant\u00e9\u201c (Diamant) genannt wird, ein sehr unbequemer Gegner ist. Mendoza bestritt 68 Profi-K\u00e4mpfe. 43 davon gewann er &#8211; die meisten durch K.O. Und der Kolumbianer hat auch keine Angst vor gro\u00dfen Namen. So kreuzte er bereits die F\u00e4uste mit Ring-Gr\u00f6\u00dfen wie Amir Mansour und Luis Ortiz.<\/p>\n<p>Werner Kreiskott, der bergischen Eisenfaust, fl\u00f6\u00dft das aber keinen gro\u00dfen Respekt ein.\u00a0Er ist ein ehrlicher K\u00e4mpfer, kein gro\u00dfer Taktiker. Kreiskott boxt aus dem Bauch heraus. Der Wuppertaler: \u201eIch gehe wie immer raus in den Ring und gebe alles!\u201c<\/p>\n<p>In \u201eNacht der L\u00f6wen\u201c im EMKA-Sport-Zentrum finden noch weitere interessante Fights statt, bevor dann Werner Kreiskott zum Hauptkampf in den Ring steigt. Wir dr\u00fccken ihm die Daumen.<br \/>\nwww.fightclub-wuppertal.de (pp)<\/p>\n","protected":false},"excerpt":{"rendered":"<p>WBU-Boxweltmeister Werner Kreiskott steigt am heutigen Samstag (11.10.) in den Ring. Der 37j\u00e4hrige verteidigt seinen Titel gegen den Kolumbianer Epifanio Mendoza.<\/p>\n","protected":false},"author":7,"featured_media":13181,"comment_status":"open","ping_status":"closed","sticky":false,"template":"","format":"standard","meta":{"footnotes":""},"categories":[20],"tags":[3810,3580,3811,3582],"class_list":["post-13183","post","type-post","status-publish","format-standard","hentry","category-sport","tag-titelkampf","tag-wbu","tag-weltmeisterschaft","tag-werner-kreiskott"],"publishpress_future_action":{"enabled":false,"date":"2026-05-07 17:20:55","action":"change-status","newStatus":"draft","terms":[],"taxonomy":"category","extraData":[]},"publishpress_future_workflow_manual_trigger":{"enabledWorkflows":[]},"_links":{"self":[{"href":"https:\/\/www.die-stadtzeitung.de\/index.php\/wp-json\/wp\/v2\/posts\/13183","targetHints":{"allow":["GET"]}}],"collection":[{"href":"https:\/\/www.die-stadtzeitung.de\/index.php\/wp-json\/wp\/v2\/posts"}],"about":[{"href":"https:\/\/www.die-stadtzeitung.de\/index.php\/wp-json\/wp\/v2\/types\/post"}],"author":[{"embeddable":true,"href":"https:\/\/www.die-stadtzeitung.de\/index.php\/wp-json\/wp\/v2\/users\/7"}],"replies":[{"embeddable":true,"href":"https:\/\/www.die-stadtzeitung.de\/index.php\/wp-json\/wp\/v2\/comments?post=13183"}],"version-history":[{"count":2,"href":"https:\/\/www.die-stadtzeitung.de\/index.php\/wp-json\/wp\/v2\/posts\/13183\/revisions"}],"predecessor-version":[{"id":49681,"href":"https:\/\/www.die-stadtzeitung.de\/index.php\/wp-json\/wp\/v2\/posts\/13183\/revisions\/49681"}],"wp:featuredmedia":[{"embeddable":true,"href":"https:\/\/www.die-stadtzeitung.de\/index.php\/wp-json\/wp\/v2\/media\/13181"}],"wp:attachment":[{"href":"https:\/\/www.die-stadtzeitung.de\/index.php\/wp-json\/wp\/v2\/media?parent=13183"}],"wp:term":[{"taxonomy":"category","embeddable":true,"href":"https:\/\/www.die-stadtzeitung.de\/index.php\/wp-json\/wp\/v2\/categories?post=13183"},{"taxonomy":"post_tag","embeddable":true,"href":"https:\/\/www.die-stadtzeitung.de\/index.php\/wp-json\/wp\/v2\/tags?post=13183"}],"curies":[{"name":"wp","href":"https:\/\/api.w.org\/{rel}","templated":true}]}}