{"id":13093,"date":"2017-02-09T11:28:40","date_gmt":"2017-02-09T10:28:40","guid":{"rendered":"http:\/\/192.168.10.16\/newsportal\/stadtzeitung\/index.php\/2017\/02\/09\/vok-dams-denkanstoesse-aus-dem-atelierhaus\/"},"modified":"2022-01-29T10:52:33","modified_gmt":"2022-01-29T09:52:33","slug":"vok-dams-denkanstoesse-aus-dem-atelierhaus","status":"publish","type":"post","link":"https:\/\/www.die-stadtzeitung.de\/index.php\/2017\/02\/09\/vok-dams-denkanstoesse-aus-dem-atelierhaus\/","title":{"rendered":"Das gr\u00fcne Paradies unter der Schwebebahn"},"content":{"rendered":"<div id=\"attachment_40608\" class=\"wp-caption alignnone\" style=\"max-width: 1034px;\"><img loading=\"lazy\" decoding=\"async\" class=\"size-large wp-image-40608\" src=\"\/wp-content\/uploads\/2021\/08\/Begruessung-Finissage-K-F-S-10.10.2015-1024x683.jpg\" alt=\"\" width=\"1024\" height=\"683\" \/><span class=\"wp-caption-text\">Marketing-Experte und Galerist Vok Dams \u00a9 Vok Dams iNotes<\/span><\/div>\n<p>\u201eDas gr\u00fcne Paradies unter der Schwebebahn\u201c oder \u201eWuppertal ist Deutschlands gr\u00fcnste Stadt\u201c &#8211; an diesen oder \u00e4hnlichen Aussagen in unterschiedlichen Untersuchungen und Ver\u00f6ffentlichungen haben wir uns gern orientiert. Denn wer sich in Wuppertal auskennt, wei\u00df die Landschaftsparks, Stadtparks und (zunehmend) die Wupper-Ufer zu sch\u00e4tzen.<\/p>\n<p>Das geht soweit, dass Oberb\u00fcrgermeister Andreas Mucke von einer Landes- oder gar Bundesgartenschau schw\u00e4rmt und die Stadt die Machbarkeit mit einer Studie pr\u00fcfen lassen will.<\/p>\n<p>Und nun das: \u201eWir sind Gr\u00fcne Hauptstadt Europas \u2013 Essen 2017\u201c teilt das Projektb\u00fcro der Stadt Essen mit und startet gleichzeitig, in Verbindung mit dem Museum Folkwang, einen \u00f6ffentlichkeitswirksamen Plakat-Wettbewerb.<\/p>\n<p>Die erste Frage, die sich daraus ableitet: Was steckt dahinter?<br \/>\n\u201eDer Titel Umwelthauptstadt Europas\u201c oder \u201eGr\u00fcne Hauptstadt Europas\u201c wird j\u00e4hrlich von der Europ\u00e4ischen Kommission an eine Stadt in Europa verliehen, der es in besonderer Weise gelungen ist, Umweltschutz und wirtschaftliches Wachstum zu einer hervorragenden Lebensqualit\u00e4t ihrer Einwohner zu verbinden\u201c, so Wikipedia.<\/p>\n<p>Die zweite Frage: Wie kommen wir darauf, Wuppertal sei die gr\u00fcnste Stadt Deutschlands? Nun, \u201eAls &#8218;Paradies unter der Schwebebahn&#8216; bezeichnet die &#8218;H\u00f6rzu&#8216; Wuppertal in der aktuellen Ausgabe\u201c, schreibt die Lokalpresse im September 2013 mit Hinweis auf das statistische Bundesamt. Nat\u00fcrlich prozentual bezogen auf die gesamte Stadtfl\u00e4che.<\/p>\n<p>Eine etwas andere Lesart bietet die Berliner Morgenpost: Unter der \u00dcberschrift \u201eDas sind Deutschlands gr\u00fcnste Gro\u00dfst\u00e4dte\u201c vermerkt sie \u201eViele St\u00e4dte behaupten von sich, besonders viele Gr\u00fcnfl\u00e4chen zu bieten. Die Berliner Morgenpost hat Satellitenbilder ausgewertet und zeigt erstmals, wie gr\u00fcn Deutschland wirklich ist\u201c.<br \/>\nHier steht Wuppertal nach Remscheid (16) und Solingen (22) an 25. Stelle.<\/p>\n<p>Die \u201eGr\u00fcne Hauptstadt Europas \u2013 Essen 2017\u201c, das sollte hier besonders erw\u00e4hnt werden, steht allerdings erst an 52. Stelle. Da haben wir es also wieder:\u201eEs kommt drauf an, was man daraus macht!\u201c.<\/p>\n<p>Nicht so sehr auf die Fakten kommt es an, sondern auf die Sichtweise und die Parameter, die wir einer Untersuchung zu Grunde legen. Auf die Themen, die wir besetzen, auf die Aussagen, die wir kommunizieren und die Konsequenz, mit der wir diese Themen verfolgen. Auch die Positionierung Wuppertals als \u201eStadt im Gr\u00fcnen\u201c w\u00e4re damit kaum zu vertreten. Selbst wenn eine Gartenschau in Verbindung mit einem \u201edezentralen Konzept der Attraktionen in Parks und Anlagen der Stadt sowie entlang der Wupper\u201c f\u00fcr das Image der Stadt Gold wert w\u00e4re, wie Andreas Boller in einem WZ-Kommentar deutlich macht.<\/p>\n<p>Wir sollten uns also wieder auf das besinnen, was Wuppertal wirklich einmalig macht: Die Wuppertaler Schwebebahn!<\/p>\n<p>Selbst eine Landes- oder Bundesgartenschau w\u00fcrde mit dem verbindenden Element der Schwebebahn diese Einmaligkeit unterstreichen und unter Beweis stellen.Wie war das noch mit der \u201eGr\u00fcnen Hauptstadt Europas\u201c? Wikipedia sagt dazu: \u201eDie Auszeichnung als Europ\u00e4ische Gr\u00fcne Hauptstadt (englisch European Green Capital Award) soll St\u00e4dte dazu anspornen, anderen europ\u00e4ischen St\u00e4dten ein Beispiel zu setzen und bew\u00e4hrte Praktiken zu f\u00f6rdern\u201c.<\/p>\n<p>Vielleicht ist jetzt der richtige Zeitpunkt f\u00fcr Wuppertal, sich f\u00fcr eines der kommenden Jahre zu bewerben?<\/p>\n<p>Vok Dams.<\/p>\n","protected":false},"excerpt":{"rendered":"<p>Ja was denn nun? Ist Wuppertal nun die gr\u00fcnste Stadt Deutschlands oder nicht? Mit diesen Fragen befasst sich der Marketing-Experte Vok Dams in seiner Kolumne &#8222;Denkanst\u00f6\u00dfe aus dem ATELIERHAUS&#8220;.<\/p>\n","protected":false},"author":7,"featured_media":13091,"comment_status":"open","ping_status":"closed","sticky":false,"template":"","format":"standard","meta":{"footnotes":""},"categories":[26],"tags":[43,3258],"class_list":["post-13093","post","type-post","status-publish","format-standard","hentry","category-politik","tag-vok-dams","tag-vok-dams-atelierhaus"],"publishpress_future_action":{"enabled":false,"date":"2026-05-08 21:03:29","action":"change-status","newStatus":"draft","terms":[],"taxonomy":"category","extraData":[]},"publishpress_future_workflow_manual_trigger":{"enabledWorkflows":[]},"_links":{"self":[{"href":"https:\/\/www.die-stadtzeitung.de\/index.php\/wp-json\/wp\/v2\/posts\/13093","targetHints":{"allow":["GET"]}}],"collection":[{"href":"https:\/\/www.die-stadtzeitung.de\/index.php\/wp-json\/wp\/v2\/posts"}],"about":[{"href":"https:\/\/www.die-stadtzeitung.de\/index.php\/wp-json\/wp\/v2\/types\/post"}],"author":[{"embeddable":true,"href":"https:\/\/www.die-stadtzeitung.de\/index.php\/wp-json\/wp\/v2\/users\/7"}],"replies":[{"embeddable":true,"href":"https:\/\/www.die-stadtzeitung.de\/index.php\/wp-json\/wp\/v2\/comments?post=13093"}],"version-history":[{"count":2,"href":"https:\/\/www.die-stadtzeitung.de\/index.php\/wp-json\/wp\/v2\/posts\/13093\/revisions"}],"predecessor-version":[{"id":48277,"href":"https:\/\/www.die-stadtzeitung.de\/index.php\/wp-json\/wp\/v2\/posts\/13093\/revisions\/48277"}],"wp:featuredmedia":[{"embeddable":true,"href":"https:\/\/www.die-stadtzeitung.de\/index.php\/wp-json\/wp\/v2\/media\/13091"}],"wp:attachment":[{"href":"https:\/\/www.die-stadtzeitung.de\/index.php\/wp-json\/wp\/v2\/media?parent=13093"}],"wp:term":[{"taxonomy":"category","embeddable":true,"href":"https:\/\/www.die-stadtzeitung.de\/index.php\/wp-json\/wp\/v2\/categories?post=13093"},{"taxonomy":"post_tag","embeddable":true,"href":"https:\/\/www.die-stadtzeitung.de\/index.php\/wp-json\/wp\/v2\/tags?post=13093"}],"curies":[{"name":"wp","href":"https:\/\/api.w.org\/{rel}","templated":true}]}}