{"id":11316,"date":"2017-05-12T10:17:37","date_gmt":"2017-05-12T08:17:37","guid":{"rendered":"http:\/\/192.168.10.16\/newsportal\/stadtzeitung\/index.php\/2016\/12\/14\/katja-burkard-politiker-sollten-aus-trump-wahl-lernen\/"},"modified":"2022-01-28T15:53:17","modified_gmt":"2022-01-28T14:53:17","slug":"katja-burkard-politiker-sollten-aus-trump-wahl-lernen","status":"publish","type":"post","link":"https:\/\/www.die-stadtzeitung.de\/index.php\/2017\/05\/12\/katja-burkard-politiker-sollten-aus-trump-wahl-lernen\/","title":{"rendered":"Katja Burkard: \u201ePolitiker sollten aus Trump-Wahl lernen&#8230;\u201c"},"content":{"rendered":"<div id=\"attachment_45819\" class=\"wp-caption alignnone\" style=\"max-width: 906px;\"><img loading=\"lazy\" decoding=\"async\" class=\" wp-image-45819\" src=\"\/wp-content\/uploads\/2016\/12\/59437b685c157fee8ac8f48879cdf516-3.jpeg\" alt=\"\" width=\"896\" height=\"570\" \/><span class=\"wp-caption-text\">RTL-Moderatorin Katja Burkard (&#8222;Punkt 12&#8220;) &#8211; \u00a9 RTL Punkt 12<\/span><\/div>\n<p>\u00dcber 6.000 Stunden verbrachte die sch\u00f6ne Fernseh-Lady Katja Burkard bislang vor der Kamera. Wenn das rote L\u00e4mpchen ausgeschaltet ist, k\u00fcmmert sich Katja Burkard um ihre T\u00f6chter Marie-Therese (15), Katharina (9) und ihren Lebensgef\u00e4hrten Hans Mahr, dem Vater ihrer Kinder, fr\u00fcherer RTL-Informations-Direktor. Peter Pionke unterhielt sich mit der beliebten Moderatorin.<\/p>\n<p><strong>DS: Welches Ereignis hat Sie in diesem Jahr am meisten beeindruckt?<\/strong><\/p>\n<p>Katja Burkard: \u201eDie Silvesternacht in K\u00f6ln und D\u00fcsseldorf, in der T\u00e4ter mit Migrationshintergrund reihenweise Frauen sexuell bel\u00e4stigt und sogar vergewaltigt haben, war eine ganz gro\u00dfe Katastrophe! Sie hat denjenigen, die schon immer gegen die Fl\u00fcchtlingspolitik von Angela Merkel waren, Wasser auf die M\u00fchlen gesch\u00fcttet und in denjenigen, die moderat waren und helfen wollten, Zweifel ges\u00e4t. Pegida, AfD, der ganze Rechtsruck in Deutschland \u2013 ich wei\u00df nicht, ob es so schlimm geworden w\u00e4re, ohne diese furchtbare Nacht mit all dem Versagen von Polizei und Politik! Die traurige Kr\u00f6nung dieser weltweiten Entwicklung ist die Wahl von Donald Trump zum Pr\u00e4sidenten.\u201c<\/p>\n<p><strong>DS: Gibt es f\u00fcr Sie \u00fcberhaupt einen positiven Aspekt, den Sie der Wahl von Donald Trump zum US-Pr\u00e4sidenten abgewinnen k\u00f6nnen?<\/strong><\/p>\n<p>Katja Burkard: \u201eIch hoffe inst\u00e4ndig, dass jetzt endlich auch in Deutschland die Politiker aufwachen und daraus ihre Lehren ziehen. Mehr Klartext, statt Geschwurbel. Mehr Politik mit gesundem Menschenverstand. Die Politiker reden immer nur davon, dass man die Probleme der Menschen ernst nehmen muss. Es wird Zeit, dass sie das auch wirklich tun.\u201c<\/p>\n<p><strong>DS: Wie gelingt es Ihnen, vor der Kamera die Fassung zu wahren, obwohl Sie ja nicht selten Berichte anmoderieren m\u00fcssen, in denen es um tote Kinder geht, die beispielsweise in Syrien durch Bomben ums Leben gekommen sind?<\/strong><\/p>\n<p>Katja Burkard: \u201eDas ist immer furchtbar, immer eine Herausforderung. Ich bin eine leidenschaftliche Mutter und Kinder-Freundin. Kinder leiden zu sehen macht mich wirklich fertig. Die Kinder in den Kriegen gehen mir ans Herz, aber auch die vielen Kinder in Deutschland, die von ihren Eltern vernachl\u00e4ssigt, von Stiefv\u00e4tern gequ\u00e4lt oder zu Tode gepr\u00fcgelt werden&#8230;.. Es ist zum Verzweifeln und ich ringe oft mit den Tr\u00e4nen, wenn wir dar\u00fcber berichten.\u201c<\/p>\n<p><strong>DS: Was erhoffen Sie sich f\u00fcr das Jahr 2017?<\/strong><\/p>\n<p>Katja Burkard: \u201ePolitisch: Kein b\u00f6ses Erwachen bei der Bundestagswahl. Famili\u00e4r: Weiterhin dieses gl\u00fcckliche Familienleben und Gesundheit f\u00fcr all meine Lieben. Pers\u00f6nlich: Beim \u201eFishermans STRONGMAN Run\u201c im Mai am N\u00fcrburgring gut durchzukommen! Seit \u201eLet\u2018s Dance\u201c habe ich Blut geleckt, was sportliche Wettk\u00e4mpfe angeht. Gemeinsam mit einer Kollegin habe ich mich jetzt f\u00fcr diesen Mega-Lauf angemeldet: 24 Kilometer und 35 Hindernisse, auch durch Matsch und kaltes Wasser. Wir trainieren seit November bis zu f\u00fcnf Mal pro Woche unter den Augen des erfahrenen Triathleten Sven Sundberg. Es ist hart, macht aber irre viel Spa\u00df und wirkt auf mich \u00e4hnlich elektrisierend wie das Tanzen.\u201c<\/p>\n<p><strong>DS: Wie werden Sie das Weihnachtsfest verbringen?<\/strong><\/p>\n<p>Katja Burkard: \u201eWie jedes Jahr sch\u00f6n gem\u00fctlich in Kitzb\u00fchel beim Stanglwirt. Bei uns hei\u00dft es traditionell Schnitzel statt Gans, dann Bescherung unter dem Tannenbaum und zum Schluss in die wunderbare Christmette in Elmau. Ich liebe Weihnachten und freue mich schon wie ein kleines Kind darauf. Schnee zum Skifahren w\u00e4re nat\u00fcrlich die Kr\u00f6nung&#8230;\u201c<\/p>\n<p><strong>DS: Vielen Dank f\u00fcr das sehr interessante Gespr\u00e4ch.<\/strong><\/p>\n","protected":false},"excerpt":{"rendered":"<p>Was Fernseh-Pr\u00e4senz und -Erfahrung angeht, kann ihr so schnell keiner das Wasser reichen. Katja Burkard ist seit knapp 20 Jahren t\u00e4glich auf dem Bildschirm zu sehen. Zun\u00e4chst als Wochenend-Moderatorin von &#8222;RTL aktuell&#8220;, seit 1997 f\u00fchrt die beliebte TV-Journalistin souver\u00e4n durch das RTL-Mittagsmagazin &#8222;Punkt 12&#8220;.<\/p>\n","protected":false},"author":7,"featured_media":11314,"comment_status":"open","ping_status":"closed","sticky":false,"template":"","format":"standard","meta":{"footnotes":""},"categories":[19],"tags":[3526,3528,3205],"class_list":["post-11316","post","type-post","status-publish","format-standard","hentry","category-weitblick","tag-katja-burkard","tag-punkt-12","tag-rtl"],"publishpress_future_action":{"enabled":false,"date":"2026-05-07 00:24:07","action":"change-status","newStatus":"draft","terms":[],"taxonomy":"category","extraData":[]},"publishpress_future_workflow_manual_trigger":{"enabledWorkflows":[]},"_links":{"self":[{"href":"https:\/\/www.die-stadtzeitung.de\/index.php\/wp-json\/wp\/v2\/posts\/11316","targetHints":{"allow":["GET"]}}],"collection":[{"href":"https:\/\/www.die-stadtzeitung.de\/index.php\/wp-json\/wp\/v2\/posts"}],"about":[{"href":"https:\/\/www.die-stadtzeitung.de\/index.php\/wp-json\/wp\/v2\/types\/post"}],"author":[{"embeddable":true,"href":"https:\/\/www.die-stadtzeitung.de\/index.php\/wp-json\/wp\/v2\/users\/7"}],"replies":[{"embeddable":true,"href":"https:\/\/www.die-stadtzeitung.de\/index.php\/wp-json\/wp\/v2\/comments?post=11316"}],"version-history":[{"count":4,"href":"https:\/\/www.die-stadtzeitung.de\/index.php\/wp-json\/wp\/v2\/posts\/11316\/revisions"}],"predecessor-version":[{"id":45820,"href":"https:\/\/www.die-stadtzeitung.de\/index.php\/wp-json\/wp\/v2\/posts\/11316\/revisions\/45820"}],"wp:featuredmedia":[{"embeddable":true,"href":"https:\/\/www.die-stadtzeitung.de\/index.php\/wp-json\/wp\/v2\/media\/11314"}],"wp:attachment":[{"href":"https:\/\/www.die-stadtzeitung.de\/index.php\/wp-json\/wp\/v2\/media?parent=11316"}],"wp:term":[{"taxonomy":"category","embeddable":true,"href":"https:\/\/www.die-stadtzeitung.de\/index.php\/wp-json\/wp\/v2\/categories?post=11316"},{"taxonomy":"post_tag","embeddable":true,"href":"https:\/\/www.die-stadtzeitung.de\/index.php\/wp-json\/wp\/v2\/tags?post=11316"}],"curies":[{"name":"wp","href":"https:\/\/api.w.org\/{rel}","templated":true}]}}