{"id":10933,"date":"2016-12-09T10:51:44","date_gmt":"2016-12-09T09:51:44","guid":{"rendered":"http:\/\/192.168.10.16\/newsportal\/stadtzeitung\/index.php\/2016\/12\/09\/prof-lambert-t-koch-selbstbewusstsein-fuer-das-neue-jahr\/"},"modified":"2022-01-29T10:54:33","modified_gmt":"2022-01-29T09:54:33","slug":"prof-lambert-t-koch-selbstbewusstsein-fuer-das-neue-jahr","status":"publish","type":"post","link":"https:\/\/www.die-stadtzeitung.de\/index.php\/2016\/12\/09\/prof-lambert-t-koch-selbstbewusstsein-fuer-das-neue-jahr\/","title":{"rendered":"Prof. Lambert T. Koch: Selbstbewusstsein f\u00fcr das neue Jahr"},"content":{"rendered":"<div id=\"attachment_45349\" class=\"wp-caption alignnone\" style=\"max-width: 1034px;\"><img loading=\"lazy\" decoding=\"async\" class=\"size-large wp-image-45349\" src=\"\/wp-content\/uploads\/2018\/12\/IMG_8403_a-1024x683.jpg\" alt=\"\" width=\"1024\" height=\"683\" \/><span class=\"wp-caption-text\">Prof. Lambert T. Koch &#8211; \u00a9 Dirk Sengotta<\/span><\/div>\n<p>&#8222;Was w\u00fcnscht man einer Stadt zum neuen Jahr? Klar: Eine erfolgreiche Entwicklung! Wohlstand! Ein gutes Miteinander!<\/p>\n<p>Dass diese W\u00fcnsche f\u00fcr Wuppertal 2017 keine utopischen W\u00fcnsche sind, sieht man vielerorts. Am D\u00f6ppersberg geht\u2019s in gro\u00dfen Schritten voran. Im kommenden Jahr soll die B7 wieder durchgehend befahrbar sein. Auch die Konturen des neuen \u201eEingangstors\u201c zur Stadt zeichnen sich bereits eindrucksvoll ab.<\/p>\n<p>Neue Unternehmen siedeln sich an, zus\u00e4tzliche Arbeitspl\u00e4tze entstehen. Die Integration ausl\u00e4ndischer Neuank\u00f6mmlinge verl\u00e4uft besser als an anderen Orten der Republik. Ja, Willkommenskultur nach Wuppertaler Art gilt bundesweit als vorbildlich. Auch sonst geht\u2019s bergauf und die Stadt hat in wichtigen St\u00e4dterankings den Tabellenkeller verlassen. Das alles ruft danach, durchaus optimistisch nach vorne zu schauen.<\/p>\n<p>Doch warum tun das nicht mehr Menschen? W\u00e4re es nicht an der Zeit, dass auch die verbliebenen Bremser und Schwarzseher im neuen Jahr die Seite wechseln? Immer noch wird zu viel schlechte Stimmung gemacht und auf denen herumgehackt, die anpacken wollen. Dabei k\u00f6nnten Optimismus, Motivation und Tatkraft die Quellen einer sich selbst erf\u00fcllenden Prophezeiung sein und den Aufschwung in Wuppertal nochmals beschleunigen!<\/p>\n<p>Um solche Schneeballeffekte zu erzeugen, bedarf es allerdings eines hinl\u00e4nglichen Selbstbewusstseins. Warum haben unsere Vororte D\u00fcsseldorf und K\u00f6ln davon so reichlich, w\u00e4hrend wir endlos \u00fcber \u2013 nat\u00fcrlich auch vorhandene \u2013 Defizite lamentieren? Wuppertal birgt in vielen Bereichen ein riesiges Potenzial, das nur ausgesch\u00f6pft werden muss.<\/p>\n<p>Junge innovative Unternehmen. Stadtteile, wie der Arrenberg, die sich neu erfinden. Welt- und Europamarktf\u00fchrer, die expandieren, Bayer etwa. Gro\u00dfartige Kulturst\u00e4tten, die zunehmend Touristen anlocken. Und nicht zuletzt eine Universit\u00e4t, mit mittlerweile 22.000 Studierenden, deren Forscherinnen und Forscher national und international aufhorchen lassen. Je mehr es Wuppertal gelingt, auch vom Charakter her eine Studentenstadt und eine Stadt im Aufbruch zu werden, umso wohler f\u00fchlen sich nicht zuletzt die jungen Menschen \u2013 und: desto eher bleiben sie nach ihrem Studium hier.<\/p>\n<p>Das wiederum hilft der Kaufkraft, belebt den Arbeitsmarkt und l\u00e4sst die Bev\u00f6lkerungszahl steigen. Warum also 2017 nicht selbstbewusst mit anpacken?! Kennedys ber\u00fchmter Ausspruch k\u00f6nnte dabei ein guter Vorsatz sein. Man m\u00fcsste ihn nur ein bisschen abwandeln, dann w\u00fcrde er lauten: \u201eFrage nicht, was deine Stadt f\u00fcr dich tun kann, sondern was du f\u00fcr deine Stadt tun kannst\u201c.<\/p>\n<p><strong>Ihr Prof. Dr. Lambert T. Koch<\/strong><\/p>\n","protected":false},"excerpt":{"rendered":"<p>Sein Wort wird geh\u00f6rt, sein Wort hat Gewicht. Prof. Dr. Lambert T. Koch, \u00fcberaus renommierter und erfolgreicher Rektor der Bergischen Universit\u00e4t und \u00fcberzeugter Wahl-Wuppertaler, wirft einen Blick in die Zukunft und formuliert seine W\u00fcnschen f\u00fcr das Jahr 2017:<\/p>\n","protected":false},"author":7,"featured_media":10927,"comment_status":"open","ping_status":"closed","sticky":false,"template":"","format":"standard","meta":{"footnotes":""},"categories":[26],"tags":[3481,3482],"class_list":["post-10933","post","type-post","status-publish","format-standard","hentry","category-politik","tag-bergische-univeritaet","tag-prof-dr-lambert-t-koch"],"publishpress_future_action":{"enabled":false,"date":"2026-05-07 08:01:03","action":"change-status","newStatus":"draft","terms":[],"taxonomy":"category","extraData":[]},"publishpress_future_workflow_manual_trigger":{"enabledWorkflows":[]},"_links":{"self":[{"href":"https:\/\/www.die-stadtzeitung.de\/index.php\/wp-json\/wp\/v2\/posts\/10933","targetHints":{"allow":["GET"]}}],"collection":[{"href":"https:\/\/www.die-stadtzeitung.de\/index.php\/wp-json\/wp\/v2\/posts"}],"about":[{"href":"https:\/\/www.die-stadtzeitung.de\/index.php\/wp-json\/wp\/v2\/types\/post"}],"author":[{"embeddable":true,"href":"https:\/\/www.die-stadtzeitung.de\/index.php\/wp-json\/wp\/v2\/users\/7"}],"replies":[{"embeddable":true,"href":"https:\/\/www.die-stadtzeitung.de\/index.php\/wp-json\/wp\/v2\/comments?post=10933"}],"version-history":[{"count":2,"href":"https:\/\/www.die-stadtzeitung.de\/index.php\/wp-json\/wp\/v2\/posts\/10933\/revisions"}],"predecessor-version":[{"id":48282,"href":"https:\/\/www.die-stadtzeitung.de\/index.php\/wp-json\/wp\/v2\/posts\/10933\/revisions\/48282"}],"wp:featuredmedia":[{"embeddable":true,"href":"https:\/\/www.die-stadtzeitung.de\/index.php\/wp-json\/wp\/v2\/media\/10927"}],"wp:attachment":[{"href":"https:\/\/www.die-stadtzeitung.de\/index.php\/wp-json\/wp\/v2\/media?parent=10933"}],"wp:term":[{"taxonomy":"category","embeddable":true,"href":"https:\/\/www.die-stadtzeitung.de\/index.php\/wp-json\/wp\/v2\/categories?post=10933"},{"taxonomy":"post_tag","embeddable":true,"href":"https:\/\/www.die-stadtzeitung.de\/index.php\/wp-json\/wp\/v2\/tags?post=10933"}],"curies":[{"name":"wp","href":"https:\/\/api.w.org\/{rel}","templated":true}]}}