{"id":10883,"date":"2016-12-08T22:22:34","date_gmt":"2016-12-08T21:22:34","guid":{"rendered":"http:\/\/192.168.10.16\/newsportal\/stadtzeitung\/index.php\/2016\/12\/08\/wsv-familie-feiert-guenter-proeppers-75-geburtstag\/"},"modified":"2022-01-31T12:09:44","modified_gmt":"2022-01-31T11:09:44","slug":"wsv-familie-feiert-guenter-proeppers-75-geburtstag","status":"publish","type":"post","link":"https:\/\/www.die-stadtzeitung.de\/index.php\/2016\/12\/08\/wsv-familie-feiert-guenter-proeppers-75-geburtstag\/","title":{"rendered":"WSV-Familie feiert G\u00fcnter Pr\u00f6ppers 75. Geburtstag"},"content":{"rendered":"<div id=\"attachment_49608\" class=\"wp-caption alignnone\" style=\"max-width: 1034px;\"><img loading=\"lazy\" decoding=\"async\" class=\"size-large wp-image-49608\" src=\"\/wp-content\/uploads\/2016\/12\/Classen-08-12-2016-062-2-1024x670.jpg\" alt=\"\" width=\"1024\" height=\"670\" \/><span class=\"wp-caption-text\">Fu\u00dfball-Legende bedankt sich an seinem 75. Geburtstag bei der Feier in der Hako Event Arena bei seinen G\u00e4sten &#8211; \u00a9 Jochen Classen<\/span><\/div>\n<p>Ein toller Torj\u00e4ger, ein gro\u00dfer Sportsmann, der in seiner Karriere nie eine rote Karte sah &#8211; und ein super-sympathischer Mensch obendrein. G\u00fcnter Pr\u00f6pper, die quicklebendige WSV-Legende, stand heute an seinem 75. Geburtstag im Mittelpunkt. Etwas, was er eigentlich gar nicht mag.<\/p>\n<p>Er ist und war ein Teamplayer, das hob er auch in seiner kurzen Dankesrede hervor: &#8222;Ohne meine Mannschaftkameraden h\u00e4tte ich keine Tore erzielen k\u00f6nnen.&#8220; G\u00fcnter Pr\u00f6pper, die \u00a0Bescheidenheit in Person. Die gro\u00dfen Erfolge und Verdienste von &#8222;Meister Pr\u00f6pper&#8220; stellte dann WSV-Vorstand Lothar St\u00fccker in seiner kurzweiligen Laudatio heraus.<\/p>\n<p>Unter den zahlreichen Gratulanten u.a.: Oberb\u00fcrgermeister Andreas Mucke, Kultur-Dezernent Matthias Nocke, der SPD-Landtagsabgeordnete Dietmar Bell, Uwe Matthias (Gesch\u00e4ftsf\u00fchrer der Rathaus-Galerie), Trainer Stefan Vollmerhausen, Sportdirektor Manuel B\u00f6lstler, Mitglieder der aktuellen WSV-Mannschaft, angef\u00fchrt von Kapit\u00e4n Gaetano Manno, der ehemalige WZ-Fotograf Kurt Keil und Hako-Arena-Hausherr Bernd Bigge.<\/p>\n<p>Statt Geschenke hatte sich G\u00fcnter Pr\u00f6pper eine Spende f\u00fcr den Charity-Verein &#8222;Wuppertal hilft&#8220; gew\u00fcnscht. Der wird das gesammelte Geld der Wuppertaler Kindertafel \u00fcbergeben. Rock-S\u00e4nger Stefan Mageney &#8211; Vorsitzender des Vereins &#8222;Wuppertal hilft&#8220; &#8211; und der S\u00e4nger und Gitarrist Frank Walter gratulierten musikalisch. Das Duo untermalte die stilvolle Feier. Die Geburtags-Party des in Ehren ergrauten Ex-Fu\u00dfball-Stars G\u00fcnter Pr\u00f6pper &#8211; eine runde Sache und so etwas wie ein gro\u00dfes Familientreffen.<strong> (pp)<\/strong><\/p>\n","protected":false},"excerpt":{"rendered":"<p>Es war wie ein gro\u00dfes Familien-Treffen. G\u00fcnter Pr\u00f6pper feierte am heutigen Donnerstag (08.12.2016) in der Hako Event Arena seinen 75. Geburtstag &#8211; und alle kamen&#8230;<\/p>\n","protected":false},"author":7,"featured_media":10878,"comment_status":"open","ping_status":"closed","sticky":false,"template":"","format":"standard","meta":{"footnotes":""},"categories":[20],"tags":[79,3475,35],"class_list":["post-10883","post","type-post","status-publish","format-standard","hentry","category-sport","tag-guenter-proepper","tag-wsvlegende","tag-wuppertaler-sv"],"publishpress_future_action":{"enabled":false,"date":"2026-05-06 14:03:46","action":"change-status","newStatus":"draft","terms":[],"taxonomy":"category","extraData":[]},"publishpress_future_workflow_manual_trigger":{"enabledWorkflows":[]},"_links":{"self":[{"href":"https:\/\/www.die-stadtzeitung.de\/index.php\/wp-json\/wp\/v2\/posts\/10883","targetHints":{"allow":["GET"]}}],"collection":[{"href":"https:\/\/www.die-stadtzeitung.de\/index.php\/wp-json\/wp\/v2\/posts"}],"about":[{"href":"https:\/\/www.die-stadtzeitung.de\/index.php\/wp-json\/wp\/v2\/types\/post"}],"author":[{"embeddable":true,"href":"https:\/\/www.die-stadtzeitung.de\/index.php\/wp-json\/wp\/v2\/users\/7"}],"replies":[{"embeddable":true,"href":"https:\/\/www.die-stadtzeitung.de\/index.php\/wp-json\/wp\/v2\/comments?post=10883"}],"version-history":[{"count":2,"href":"https:\/\/www.die-stadtzeitung.de\/index.php\/wp-json\/wp\/v2\/posts\/10883\/revisions"}],"predecessor-version":[{"id":49609,"href":"https:\/\/www.die-stadtzeitung.de\/index.php\/wp-json\/wp\/v2\/posts\/10883\/revisions\/49609"}],"wp:featuredmedia":[{"embeddable":true,"href":"https:\/\/www.die-stadtzeitung.de\/index.php\/wp-json\/wp\/v2\/media\/10878"}],"wp:attachment":[{"href":"https:\/\/www.die-stadtzeitung.de\/index.php\/wp-json\/wp\/v2\/media?parent=10883"}],"wp:term":[{"taxonomy":"category","embeddable":true,"href":"https:\/\/www.die-stadtzeitung.de\/index.php\/wp-json\/wp\/v2\/categories?post=10883"},{"taxonomy":"post_tag","embeddable":true,"href":"https:\/\/www.die-stadtzeitung.de\/index.php\/wp-json\/wp\/v2\/tags?post=10883"}],"curies":[{"name":"wp","href":"https:\/\/api.w.org\/{rel}","templated":true}]}}