{"id":1021,"date":"2015-07-25T09:34:48","date_gmt":"2015-07-25T07:34:48","guid":{"rendered":"http:\/\/192.168.10.16\/newsportal\/stadtzeitung\/index.php\/2015\/07\/25\/saisonauftakt-beim-wsv\/"},"modified":"2015-07-25T09:34:48","modified_gmt":"2015-07-25T07:34:48","slug":"saisonauftakt-beim-wsv","status":"publish","type":"post","link":"https:\/\/www.die-stadtzeitung.de\/index.php\/2015\/07\/25\/saisonauftakt-beim-wsv\/","title":{"rendered":"Saisonauftakt beim WSV"},"content":{"rendered":"<p><img loading=\"lazy\" decoding=\"async\" class=\" size-full wp-image-1020\" src=\"https:\/\/www.die-stadtzeitung.de\/wp-content\/uploads\/2015\/07\/b3404be4ce8e34f9427382fa15263dea.jpg\" alt=\"\u00a9K.C.\/Fotolia.com\" width=\"1634\" height=\"1163\" \/><\/p>\n<p>Der WSV l\u00e4dt heute ab 12:30 Uhr zum Saisonauftakt am und im Stadion ein.<\/p>\n<p>  <!--more-->  <\/p>\n<p>Heute (25.07.2015) um 14 Uhr trifft der WSV im Station auf Viktoria K\u00f6ln. Dem Saisonauftakt wird aber bereits ab 12:30 Uhr mit zahlreichen Aktionen im Stadion und auf dem Vorplatz geb\u00fchrt. Aus n\u00e4chster N\u00e4he gibt es die Spieler des WSV morgen zwischen 14 und 17 Uhr auf dem Elberfelder Cocktail. Am Stand von Radio Wuppertal auf dem Neumarkt freuen sich die Spieler auf ihre Fans.<\/p>\n","protected":false},"excerpt":{"rendered":"<p>Der WSV l\u00e4dt heute ab 12:30 Uhr zum Saisonauftakt am und im Stadion ein.<\/p>\n","protected":false},"author":12,"featured_media":1020,"comment_status":"open","ping_status":"closed","sticky":false,"template":"","format":"standard","meta":{"footnotes":""},"categories":[],"tags":[617,216,489,149],"class_list":["post-1021","post","type-post","status-publish","format-standard","hentry","tag-elberfelder-cocktail","tag-fussball","tag-stadion-am-zoo","tag-wsv"],"publishpress_future_action":{"enabled":false,"date":"2026-05-07 13:06:47","action":"change-status","newStatus":"draft","terms":[],"taxonomy":"category","extraData":[]},"publishpress_future_workflow_manual_trigger":{"enabledWorkflows":[]},"_links":{"self":[{"href":"https:\/\/www.die-stadtzeitung.de\/index.php\/wp-json\/wp\/v2\/posts\/1021","targetHints":{"allow":["GET"]}}],"collection":[{"href":"https:\/\/www.die-stadtzeitung.de\/index.php\/wp-json\/wp\/v2\/posts"}],"about":[{"href":"https:\/\/www.die-stadtzeitung.de\/index.php\/wp-json\/wp\/v2\/types\/post"}],"author":[{"embeddable":true,"href":"https:\/\/www.die-stadtzeitung.de\/index.php\/wp-json\/wp\/v2\/users\/12"}],"replies":[{"embeddable":true,"href":"https:\/\/www.die-stadtzeitung.de\/index.php\/wp-json\/wp\/v2\/comments?post=1021"}],"version-history":[{"count":0,"href":"https:\/\/www.die-stadtzeitung.de\/index.php\/wp-json\/wp\/v2\/posts\/1021\/revisions"}],"wp:featuredmedia":[{"embeddable":true,"href":"https:\/\/www.die-stadtzeitung.de\/index.php\/wp-json\/wp\/v2\/media\/1020"}],"wp:attachment":[{"href":"https:\/\/www.die-stadtzeitung.de\/index.php\/wp-json\/wp\/v2\/media?parent=1021"}],"wp:term":[{"taxonomy":"category","embeddable":true,"href":"https:\/\/www.die-stadtzeitung.de\/index.php\/wp-json\/wp\/v2\/categories?post=1021"},{"taxonomy":"post_tag","embeddable":true,"href":"https:\/\/www.die-stadtzeitung.de\/index.php\/wp-json\/wp\/v2\/tags?post=1021"}],"curies":[{"name":"wp","href":"https:\/\/api.w.org\/{rel}","templated":true}]}}